{"id":3455,"date":"2011-09-21T17:48:15","date_gmt":"2011-09-21T17:48:15","guid":{"rendered":"http:\/\/tarimhaber.com\/?p=3455"},"modified":"2011-09-21T17:48:15","modified_gmt":"2011-09-21T17:48:15","slug":"tarim-ve-kirsal-kalkinmayi-destekleme-kurumu-tkdk-kars-il-koordinatoru-mustafa-bozkurt-kirsal-kal","status":"publish","type":"post","link":"https:\/\/tarimhaber.com\/?p=3455","title":{"rendered":"Tar\u0131m ve K\u0131rsal Kalk\u0131nmay\u0131 Destekleme Kurumu (TKDK) Kars \u0131l Koordinat\u00f6r\u00fc Mustafa Bozkurt, k\u0131rsal kal"},"content":{"rendered":"<p>Tar\u0131m ve K\u0131rsal Kalk\u0131nmay\u0131 Destekleme Kurumu (TKDK) Kars \u0131l Koordinat\u00f6r\u00fc Mustafa Bozkurt, k\u0131rsal kalk\u0131nman\u0131n T\u00fcrkiye\u2019de ba\u015flad\u0131\u011f\u0131na dikkat \u00e7ekti. Mustafa Bozkurt, k\u0131rsal kalk\u0131nmada ilk olarak yat\u0131r\u0131m i\u00e7in uygun harcamalar\u0131n belirlenmesinin, her bir harcama alan\u0131na ayr\u0131 ayr\u0131 olarak teklife \u00e7\u0131k\u0131lmas\u0131 ve toplu teklif al\u0131nmamas\u0131 gerekti\u011fini vurgulad\u0131. Mustafa Bozkurt, harcamalar i\u00e7in pazar ara\u015ft\u0131rmas\u0131 yap\u0131l\u0131rken, kur de\u011fi\u015fiminde Merkez Bankas\u0131 verilerinin kullan\u0131lmas\u0131 gerekti\u011fini s\u00f6yledi.<\/p>\n","protected":false},"excerpt":{"rendered":"<p>Tar\u0131m ve K\u0131rsal Kalk\u0131nmay\u0131 Destekleme Kurumu (TKDK) Kars \u0131l Koordinat\u00f6r\u00fc Mustafa Bozkurt, k\u0131rsal kalk\u0131nman\u0131n T\u00fcrkiye\u2019de ba\u015flad\u0131\u011f\u0131na dikkat \u00e7ekti. Mustafa Bozkurt, k\u0131rsal kalk\u0131nmada ilk olarak yat\u0131r\u0131m i\u00e7in uygun harcamalar\u0131n belirlenmesinin, her&hellip;<\/p>\n","protected":false},"author":1,"featured_media":0,"comment_status":"open","ping_status":"open","sticky":false,"template":"","format":"standard","meta":{"footnotes":""},"categories":[2],"tags":[2821],"class_list":["post-3455","post","type-post","status-publish","format-standard","hentry","category-tarimgentr","tag-http-www-nevsehirmedya-com-tkdk-kars-il-koordinatoru-mustafa-bozkurt-129863h-htm"],"_links":{"self":[{"href":"https:\/\/tarimhaber.com\/index.php?rest_route=\/wp\/v2\/posts\/3455","targetHints":{"allow":["GET"]}}],"collection":[{"href":"https:\/\/tarimhaber.com\/index.php?rest_route=\/wp\/v2\/posts"}],"about":[{"href":"https:\/\/tarimhaber.com\/index.php?rest_route=\/wp\/v2\/types\/post"}],"author":[{"embeddable":true,"href":"https:\/\/tarimhaber.com\/index.php?rest_route=\/wp\/v2\/users\/1"}],"replies":[{"embeddable":true,"href":"https:\/\/tarimhaber.com\/index.php?rest_route=%2Fwp%2Fv2%2Fcomments&post=3455"}],"version-history":[{"count":0,"href":"https:\/\/tarimhaber.com\/index.php?rest_route=\/wp\/v2\/posts\/3455\/revisions"}],"wp:attachment":[{"href":"https:\/\/tarimhaber.com\/index.php?rest_route=%2Fwp%2Fv2%2Fmedia&parent=3455"}],"wp:term":[{"taxonomy":"category","embeddable":true,"href":"https:\/\/tarimhaber.com\/index.php?rest_route=%2Fwp%2Fv2%2Fcategories&post=3455"},{"taxonomy":"post_tag","embeddable":true,"href":"https:\/\/tarimhaber.com\/index.php?rest_route=%2Fwp%2Fv2%2Ftags&post=3455"}],"curies":[{"name":"wp","href":"https:\/\/api.w.org\/{rel}","templated":true}]}}