{"id":3507,"date":"2011-10-11T10:27:39","date_gmt":"2011-10-11T10:27:39","guid":{"rendered":"http:\/\/tarimhaber.com\/?p=3507"},"modified":"2011-10-11T10:27:39","modified_gmt":"2011-10-11T10:27:39","slug":"macera-asil-simdi-basliyor","status":"publish","type":"post","link":"https:\/\/tarimhaber.com\/?p=3507","title":{"rendered":"MACERA ASIL \u015f\u0131MD\u0131 BA\u015fLIYOR"},"content":{"rendered":"<p>F\u0131TO TOHUMCULUK LTD. \u015fT\u0131. &#8220;10. y\u0131lda MACERA ASIL \u015f\u0131MD\u0131 BA\u015fLIYOR&#8221; slogan\u0131 ile 10. y\u0131l\u0131n\u0131 payda\u015flar\u0131 ile birlikte kutlad\u0131.<br \/>\n\u0131spanya`n\u0131n Barcelona kentindeki 130 y\u0131ll\u0131k SEMILLAS FITO SA \u015firketinin tecr\u00fcbesini ve deneyimlerini alarak 2001 y\u0131l\u0131n\u0131n Temmuz ay\u0131nda T\u00fcrkiye tar\u0131m sekt\u00f6r\u00fcnde T\u00fcrk \u00e7ift\u00e7isine hizmet etmek \u00fczere faaliyetlerine ba\u015flayan, 2011 y\u0131l\u0131 itibar\u0131 ile 45 ki\u015filik sabit \u00e7al\u0131\u015fana ve d\u00f6nemsel olarak da yapt\u0131\u011f\u0131 30 ki\u015filik ek istihdamlarla 75 ki\u015filik personel say\u0131s\u0131na ula\u015fan F\u0131TO TOHUMCULUK LTD. \u015fT\u0131. 10. y\u0131lda &#8220;MACERA ASIL \u015f\u0131MD\u0131 BA\u015fLIYOR&#8221; slogan\u0131 ile 10. y\u0131l\u0131n\u0131 Belek Calista Hotel`de Fito Tohumculuk \u00e7al\u0131\u015fanlar\u0131, Bakanl\u0131k temsilcileri, Tar\u0131m Kredi Kooperatifleri, Pankobirlik Mensuplar\u0131, B\u00f6lge Distrib\u00fct\u00f6rleri ve firmalar\u0131na hizmet sa\u011flayan payda\u015flar\u0131 ile birlikte kutlad\u0131. Fito Tohumculuk Ltd. \u015fti. T\u00fcrkiye\u2019nin lojistik \u00f6nemini \u00f6ne \u00e7\u0131karmakla birlikte, ihracat potansiyelini de katlayarak artt\u0131raya devam ediyor. Son 4 y\u0131lda ihracat yapt\u0131\u011f\u0131 \u00fclke say\u0131s\u0131 20 ye y\u00fckselen Fito Tohumculuk Genel M\u00fcd\u00fcr\u00fc Hasan O\u011fuz AYDO\u011fAN A\u00e7\u0131l\u0131\u015f konu\u015fmas\u0131nda Bir T\u00fcrk vatanda\u015f\u0131 olarak firmam\u0131n T\u00fcrkiye`ye yapt\u0131\u011f\u0131 yat\u0131r\u0131mlardan b\u00fcy\u00fck memnuniyet duyuyorum, ve F\u0131TO ailesine \u015fahs\u0131m ve t\u00fcm Fito \u00e7al\u0131\u015fanlar\u0131 ad\u0131na, bize ve \u00fclkemize duyduklar\u0131 a\u015f\u0131r\u0131 g\u00fcvenden dolay\u0131 sonsuz te\u015fekk\u00fcrler ediyorum. dedi. \u0131spanya`dan gelen y\u00f6netim kurulu ba\u015fkan\u0131 Xavier F\u0131TO Fito Tohumculuk`un d\u00fcnyadaki pazar pay\u0131 ile ilgili sunum yapt\u0131. Ard\u0131ndan Fito Tohumculuk \u00e7al\u0131\u015fanlar\u0131na ve payda\u015flar\u0131na hizmetlerinden dolay\u0131 \u00e7e\u015fitli hediye ve plaketler verildi.<\/p>\n","protected":false},"excerpt":{"rendered":"<p>F\u0131TO TOHUMCULUK LTD. \u015fT\u0131. &#8220;10. y\u0131lda MACERA ASIL \u015f\u0131MD\u0131 BA\u015fLIYOR&#8221; slogan\u0131 ile 10. y\u0131l\u0131n\u0131 payda\u015flar\u0131 ile birlikte kutlad\u0131. \u0131spanya`n\u0131n Barcelona kentindeki 130 y\u0131ll\u0131k SEMILLAS FITO SA \u015firketinin tecr\u00fcbesini ve deneyimlerini&hellip;<\/p>\n","protected":false},"author":1,"featured_media":3508,"comment_status":"open","ping_status":"open","sticky":false,"template":"","format":"standard","meta":{"footnotes":""},"categories":[2],"tags":[3365],"class_list":["post-3507","post","type-post","status-publish","format-standard","has-post-thumbnail","hentry","category-tarimgentr","tag-http-www-yeniadana-net-web-haberdetay-aspxid48483"],"_links":{"self":[{"href":"https:\/\/tarimhaber.com\/index.php?rest_route=\/wp\/v2\/posts\/3507","targetHints":{"allow":["GET"]}}],"collection":[{"href":"https:\/\/tarimhaber.com\/index.php?rest_route=\/wp\/v2\/posts"}],"about":[{"href":"https:\/\/tarimhaber.com\/index.php?rest_route=\/wp\/v2\/types\/post"}],"author":[{"embeddable":true,"href":"https:\/\/tarimhaber.com\/index.php?rest_route=\/wp\/v2\/users\/1"}],"replies":[{"embeddable":true,"href":"https:\/\/tarimhaber.com\/index.php?rest_route=%2Fwp%2Fv2%2Fcomments&post=3507"}],"version-history":[{"count":0,"href":"https:\/\/tarimhaber.com\/index.php?rest_route=\/wp\/v2\/posts\/3507\/revisions"}],"wp:featuredmedia":[{"embeddable":true,"href":"https:\/\/tarimhaber.com\/index.php?rest_route=\/"}],"wp:attachment":[{"href":"https:\/\/tarimhaber.com\/index.php?rest_route=%2Fwp%2Fv2%2Fmedia&parent=3507"}],"wp:term":[{"taxonomy":"category","embeddable":true,"href":"https:\/\/tarimhaber.com\/index.php?rest_route=%2Fwp%2Fv2%2Fcategories&post=3507"},{"taxonomy":"post_tag","embeddable":true,"href":"https:\/\/tarimhaber.com\/index.php?rest_route=%2Fwp%2Fv2%2Ftags&post=3507"}],"curies":[{"name":"wp","href":"https:\/\/api.w.org\/{rel}","templated":true}]}}