{"id":3512,"date":"2011-10-11T10:27:39","date_gmt":"2011-10-11T10:27:39","guid":{"rendered":"http:\/\/tarimhaber.com\/?p=3512"},"modified":"2011-10-11T10:27:39","modified_gmt":"2011-10-11T10:27:39","slug":"turkiye-tarimda-model-olacak","status":"publish","type":"post","link":"https:\/\/tarimhaber.com\/?p=3512","title":{"rendered":"T\u00fcrkiye tar\u0131mda model olacak"},"content":{"rendered":"<p>T\u00fcrkiye, tar\u0131mda e\u011fitim, ara\u015ft\u0131rma ve geli\u015ftirme \u00e7al\u0131\u015fmalar\u0131yla \u0131slam \u0131\u015fbirli\u011fi Te\u015fkilat\u0131\u2019na \u00fcye \u00fclkelere model olacak. G\u0131da, Tar\u0131m ve Hayvanc\u0131l\u0131k Bakanl\u0131\u011f\u0131 M\u00fcste\u015far Yard\u0131mc\u0131s\u0131 Erdal Sumaytao\u011flu, T\u00fcrkiye\u2019nin tar\u0131mda e\u011fitim, ara\u015ft\u0131rma ve geli\u015ftirme &#8230;<\/p>\n","protected":false},"excerpt":{"rendered":"<p>T\u00fcrkiye, tar\u0131mda e\u011fitim, ara\u015ft\u0131rma ve geli\u015ftirme \u00e7al\u0131\u015fmalar\u0131yla \u0131slam \u0131\u015fbirli\u011fi Te\u015fkilat\u0131\u2019na \u00fcye \u00fclkelere model olacak. G\u0131da, Tar\u0131m ve Hayvanc\u0131l\u0131k Bakanl\u0131\u011f\u0131 M\u00fcste\u015far Yard\u0131mc\u0131s\u0131 Erdal Sumaytao\u011flu, T\u00fcrkiye\u2019nin tar\u0131mda e\u011fitim, ara\u015ft\u0131rma ve geli\u015ftirme &#8230;<\/p>\n","protected":false},"author":1,"featured_media":0,"comment_status":"open","ping_status":"open","sticky":false,"template":"","format":"standard","meta":{"footnotes":""},"categories":[2],"tags":[3179],"class_list":["post-3512","post","type-post","status-publish","format-standard","hentry","category-tarimgentr","tag-http-www-stargazete-com-ekonomi-turkiye-tarimda-model-olacak-haber-388941-htm"],"_links":{"self":[{"href":"https:\/\/tarimhaber.com\/index.php?rest_route=\/wp\/v2\/posts\/3512","targetHints":{"allow":["GET"]}}],"collection":[{"href":"https:\/\/tarimhaber.com\/index.php?rest_route=\/wp\/v2\/posts"}],"about":[{"href":"https:\/\/tarimhaber.com\/index.php?rest_route=\/wp\/v2\/types\/post"}],"author":[{"embeddable":true,"href":"https:\/\/tarimhaber.com\/index.php?rest_route=\/wp\/v2\/users\/1"}],"replies":[{"embeddable":true,"href":"https:\/\/tarimhaber.com\/index.php?rest_route=%2Fwp%2Fv2%2Fcomments&post=3512"}],"version-history":[{"count":0,"href":"https:\/\/tarimhaber.com\/index.php?rest_route=\/wp\/v2\/posts\/3512\/revisions"}],"wp:attachment":[{"href":"https:\/\/tarimhaber.com\/index.php?rest_route=%2Fwp%2Fv2%2Fmedia&parent=3512"}],"wp:term":[{"taxonomy":"category","embeddable":true,"href":"https:\/\/tarimhaber.com\/index.php?rest_route=%2Fwp%2Fv2%2Fcategories&post=3512"},{"taxonomy":"post_tag","embeddable":true,"href":"https:\/\/tarimhaber.com\/index.php?rest_route=%2Fwp%2Fv2%2Ftags&post=3512"}],"curies":[{"name":"wp","href":"https:\/\/api.w.org\/{rel}","templated":true}]}}