{"id":3534,"date":"2011-10-18T11:24:57","date_gmt":"2011-10-18T11:24:57","guid":{"rendered":"http:\/\/tarimhaber.com\/?p=3534"},"modified":"2011-10-18T11:24:57","modified_gmt":"2011-10-18T11:24:57","slug":"2-tarim-ve-insan-ulusal-fotograf-sergisi-duzcede","status":"publish","type":"post","link":"https:\/\/tarimhaber.com\/?p=3534","title":{"rendered":"2. Tar\u0131m ve Insan Ulusal Foto\u011fraf Sergisi D\u00fczce\u2019de"},"content":{"rendered":"<p>D\u00fczce \u0130l G\u0131da, Tar\u0131m ve Hayvanc\u0131l\u0131k M\u00fcd\u00fcrl\u00fc\u011f\u00fc taraf\u0131ndan D\u00fcnya G\u0131da G\u00fcn\u00fc kapsam\u0131nda 2.Tar\u0131m ve \u0130nsan Ulusal Foto\u011fraf Sergisi d\u00fczenlendi. D\u00fczce \u0130l G\u0131da, Tar\u0131m ve Hayvanc\u0131l\u0131k M\u00fcd\u00fcrl\u00fc\u011f\u00fc taraf\u0131ndan D\u00fcnya G\u0131da G\u00fcn\u00fc kapsam\u0131nda 2. Tar\u0131m ve \u0130nsan Ulusal &#8230;<\/p>\n","protected":false},"excerpt":{"rendered":"<p>D\u00fczce \u0130l G\u0131da, Tar\u0131m ve Hayvanc\u0131l\u0131k M\u00fcd\u00fcrl\u00fc\u011f\u00fc taraf\u0131ndan D\u00fcnya G\u0131da G\u00fcn\u00fc kapsam\u0131nda 2.Tar\u0131m ve \u0130nsan Ulusal Foto\u011fraf Sergisi d\u00fczenlendi. D\u00fczce \u0130l G\u0131da, Tar\u0131m ve Hayvanc\u0131l\u0131k M\u00fcd\u00fcrl\u00fc\u011f\u00fc taraf\u0131ndan D\u00fcnya G\u0131da G\u00fcn\u00fc&hellip;<\/p>\n","protected":false},"author":1,"featured_media":3535,"comment_status":"open","ping_status":"open","sticky":false,"template":"","format":"standard","meta":{"footnotes":""},"categories":[2],"tags":[1291],"class_list":["post-3534","post","type-post","status-publish","format-standard","has-post-thumbnail","hentry","category-tarimgentr","tag-http-www-haberler-com-2-tarim-ve-insan-ulusal-fotograf-sergisi-duzce-de-3066324-haberi"],"_links":{"self":[{"href":"https:\/\/tarimhaber.com\/index.php?rest_route=\/wp\/v2\/posts\/3534","targetHints":{"allow":["GET"]}}],"collection":[{"href":"https:\/\/tarimhaber.com\/index.php?rest_route=\/wp\/v2\/posts"}],"about":[{"href":"https:\/\/tarimhaber.com\/index.php?rest_route=\/wp\/v2\/types\/post"}],"author":[{"embeddable":true,"href":"https:\/\/tarimhaber.com\/index.php?rest_route=\/wp\/v2\/users\/1"}],"replies":[{"embeddable":true,"href":"https:\/\/tarimhaber.com\/index.php?rest_route=%2Fwp%2Fv2%2Fcomments&post=3534"}],"version-history":[{"count":0,"href":"https:\/\/tarimhaber.com\/index.php?rest_route=\/wp\/v2\/posts\/3534\/revisions"}],"wp:featuredmedia":[{"embeddable":true,"href":"https:\/\/tarimhaber.com\/index.php?rest_route=\/wp\/v2\/media\/3535"}],"wp:attachment":[{"href":"https:\/\/tarimhaber.com\/index.php?rest_route=%2Fwp%2Fv2%2Fmedia&parent=3534"}],"wp:term":[{"taxonomy":"category","embeddable":true,"href":"https:\/\/tarimhaber.com\/index.php?rest_route=%2Fwp%2Fv2%2Fcategories&post=3534"},{"taxonomy":"post_tag","embeddable":true,"href":"https:\/\/tarimhaber.com\/index.php?rest_route=%2Fwp%2Fv2%2Ftags&post=3534"}],"curies":[{"name":"wp","href":"https:\/\/api.w.org\/{rel}","templated":true}]}}