{"id":3545,"date":"2011-10-19T14:41:41","date_gmt":"2011-10-19T14:41:41","guid":{"rendered":"http:\/\/tarimhaber.com\/?p=3545"},"modified":"2011-10-19T14:41:41","modified_gmt":"2011-10-19T14:41:41","slug":"senturk-buyuk-firmalar-tarima-yoneldi","status":"publish","type":"post","link":"https:\/\/tarimhaber.com\/?p=3545","title":{"rendered":"\u015eent\u00fcrk: B\u00fcy\u00fck Firmalar Tar\u0131ma Y\u00f6neldi"},"content":{"rendered":"<p>Adana\u2019da bu y\u0131l 5.\u2019si d\u00fczenlenen Tar\u0131m, Hayvanc\u0131l\u0131k, Tavuk\u00e7uluk ve S\u00fct End\u00fcstrisi ile Serac\u0131l\u0131k, Bah\u00e7ecilik, Fidanc\u0131l\u0131k, Tohumculuk, \u00c7i\u00e7ek\u00e7ilik ve Teknoloji Fuar\u0131 d\u00fczenlenen t\u00f6renle a\u00e7\u0131ld\u0131. Hakkari\u2019deki hain sald\u0131r\u0131da \u015fehit d\u00fc\u015fen askerler i\u00e7in sayg\u0131 duru\u015funda bulunularak ba\u015flanan programda konu\u015fan G\u0131da, Tar\u0131m ve Hayvanc\u0131l\u0131k Bakanl\u0131\u011f\u0131 Genel M\u00fcd\u00fcr Yard\u0131mc\u0131s\u0131 Talat \u015eent\u00fcrk, d\u00fcnyada 950 milyon \u00fczerinde insan\u0131n a\u00e7l\u0131kla kar\u015f\u0131 kar\u015f\u0131ya oldu\u011funu s\u00f6yledi. 2007\u2019den sonra tar\u0131msal \u00fcr\u00fcn piyasalar\u0131nda \u00e7ok b\u00fcy\u00fck fiyat dalgalanmalar\u0131n\u0131n meydana geldi\u011fini belirten \u015eent\u00fcrk, bundan dolay\u0131 b\u00fcy\u00fck firmalar\u0131n tar\u0131ma y\u00f6neldi\u011fini ifade etti.<\/p>\n","protected":false},"excerpt":{"rendered":"<p>Adana\u2019da bu y\u0131l 5.\u2019si d\u00fczenlenen Tar\u0131m, Hayvanc\u0131l\u0131k, Tavuk\u00e7uluk ve S\u00fct End\u00fcstrisi ile Serac\u0131l\u0131k, Bah\u00e7ecilik, Fidanc\u0131l\u0131k, Tohumculuk, \u00c7i\u00e7ek\u00e7ilik ve Teknoloji Fuar\u0131 d\u00fczenlenen t\u00f6renle a\u00e7\u0131ld\u0131. Hakkari\u2019deki hain sald\u0131r\u0131da \u015fehit d\u00fc\u015fen askerler i\u00e7in&hellip;<\/p>\n","protected":false},"author":1,"featured_media":0,"comment_status":"open","ping_status":"open","sticky":false,"template":"","format":"standard","meta":{"footnotes":""},"categories":[2],"tags":[1900],"class_list":["post-3545","post","type-post","status-publish","format-standard","hentry","category-tarimgentr","tag-http-www-haberler-com-senturk-buyuk-firmalar-tarima-yoneldi-3069712-haberi"],"_links":{"self":[{"href":"https:\/\/tarimhaber.com\/index.php?rest_route=\/wp\/v2\/posts\/3545","targetHints":{"allow":["GET"]}}],"collection":[{"href":"https:\/\/tarimhaber.com\/index.php?rest_route=\/wp\/v2\/posts"}],"about":[{"href":"https:\/\/tarimhaber.com\/index.php?rest_route=\/wp\/v2\/types\/post"}],"author":[{"embeddable":true,"href":"https:\/\/tarimhaber.com\/index.php?rest_route=\/wp\/v2\/users\/1"}],"replies":[{"embeddable":true,"href":"https:\/\/tarimhaber.com\/index.php?rest_route=%2Fwp%2Fv2%2Fcomments&post=3545"}],"version-history":[{"count":0,"href":"https:\/\/tarimhaber.com\/index.php?rest_route=\/wp\/v2\/posts\/3545\/revisions"}],"wp:attachment":[{"href":"https:\/\/tarimhaber.com\/index.php?rest_route=%2Fwp%2Fv2%2Fmedia&parent=3545"}],"wp:term":[{"taxonomy":"category","embeddable":true,"href":"https:\/\/tarimhaber.com\/index.php?rest_route=%2Fwp%2Fv2%2Fcategories&post=3545"},{"taxonomy":"post_tag","embeddable":true,"href":"https:\/\/tarimhaber.com\/index.php?rest_route=%2Fwp%2Fv2%2Ftags&post=3545"}],"curies":[{"name":"wp","href":"https:\/\/api.w.org\/{rel}","templated":true}]}}