{"id":3553,"date":"2011-10-25T04:04:09","date_gmt":"2011-10-25T04:04:09","guid":{"rendered":"http:\/\/tarimhaber.com\/?p=3553"},"modified":"2011-10-25T04:04:09","modified_gmt":"2011-10-25T04:04:09","slug":"sutte-proje-hazir-sira-tuketimde","status":"publish","type":"post","link":"https:\/\/tarimhaber.com\/?p=3553","title":{"rendered":"S\u00fctte proje haz\u0131r, s\u0131ra t\u00fcketimde"},"content":{"rendered":"<p>Buna Tar\u0131m Bakanl\u0131\u011f\u0131\u2019n\u0131n da deste\u011fi b\u00fcy\u00fck. Bir s\u00fcre \u00f6nce \u00e7al\u0131\u015fmalar\u0131n h\u0131zl\u0131 ilerlemesi i\u00e7in Br\u00fcksel merkezli bir lobi dan\u0131\u015fmanl\u0131k \u015firketi ile anla\u015fm\u0131\u015ft\u0131k. \u00c7abalar\u0131m\u0131z sonu\u00e7 veriyor. Yak\u0131n d\u00f6nemde AB Komisyonu\u2019ndan yetkililer T\u00fcrkiye\u2019deki son &#8230;<\/p>\n","protected":false},"excerpt":{"rendered":"<p>Buna Tar\u0131m Bakanl\u0131\u011f\u0131\u2019n\u0131n da deste\u011fi b\u00fcy\u00fck. Bir s\u00fcre \u00f6nce \u00e7al\u0131\u015fmalar\u0131n h\u0131zl\u0131 ilerlemesi i\u00e7in Br\u00fcksel merkezli bir lobi dan\u0131\u015fmanl\u0131k \u015firketi ile anla\u015fm\u0131\u015ft\u0131k. \u00c7abalar\u0131m\u0131z sonu\u00e7 veriyor. Yak\u0131n d\u00f6nemde AB Komisyonu\u2019ndan yetkililer T\u00fcrkiye\u2019deki&hellip;<\/p>\n","protected":false},"author":1,"featured_media":0,"comment_status":"open","ping_status":"open","sticky":false,"template":"","format":"standard","meta":{"footnotes":""},"categories":[2],"tags":[578],"class_list":["post-3553","post","type-post","status-publish","format-standard","hentry","category-tarimgentr","tag-http-www-ankarahaber-com-haber-sutte-proje-hazir-sira-tuketimde-96909"],"_links":{"self":[{"href":"https:\/\/tarimhaber.com\/index.php?rest_route=\/wp\/v2\/posts\/3553","targetHints":{"allow":["GET"]}}],"collection":[{"href":"https:\/\/tarimhaber.com\/index.php?rest_route=\/wp\/v2\/posts"}],"about":[{"href":"https:\/\/tarimhaber.com\/index.php?rest_route=\/wp\/v2\/types\/post"}],"author":[{"embeddable":true,"href":"https:\/\/tarimhaber.com\/index.php?rest_route=\/wp\/v2\/users\/1"}],"replies":[{"embeddable":true,"href":"https:\/\/tarimhaber.com\/index.php?rest_route=%2Fwp%2Fv2%2Fcomments&post=3553"}],"version-history":[{"count":0,"href":"https:\/\/tarimhaber.com\/index.php?rest_route=\/wp\/v2\/posts\/3553\/revisions"}],"wp:attachment":[{"href":"https:\/\/tarimhaber.com\/index.php?rest_route=%2Fwp%2Fv2%2Fmedia&parent=3553"}],"wp:term":[{"taxonomy":"category","embeddable":true,"href":"https:\/\/tarimhaber.com\/index.php?rest_route=%2Fwp%2Fv2%2Fcategories&post=3553"},{"taxonomy":"post_tag","embeddable":true,"href":"https:\/\/tarimhaber.com\/index.php?rest_route=%2Fwp%2Fv2%2Ftags&post=3553"}],"curies":[{"name":"wp","href":"https:\/\/api.w.org\/{rel}","templated":true}]}}