{"id":3558,"date":"2011-10-24T07:12:53","date_gmt":"2011-10-24T07:12:53","guid":{"rendered":"http:\/\/tarimhaber.com\/?p=3558"},"modified":"2011-10-24T07:12:53","modified_gmt":"2011-10-24T07:12:53","slug":"tebden-afetzedeler-icin-yardim","status":"publish","type":"post","link":"https:\/\/tarimhaber.com\/?p=3558","title":{"rendered":"TEB\u2019den afetzedeler i\u00e7in yard\u0131m"},"content":{"rendered":"<p>T\u00fcrk Eczac\u0131lar\u0131 Birli\u011fi (TEB), Van\u2019da meydana gelen deprem nedeniyle eczac\u0131lar\u0131n deste\u011fiyle ger\u00e7ekle\u015fecek bir yard\u0131m kampanyas\u0131 ba\u015flatt\u0131\u011f\u0131n\u0131 duyurdu. TEB Merkez Heyetinden yap\u0131lan yaz\u0131l\u0131 a\u00e7\u0131klamada, birlik taraf\u0131ndan 24 Ekim-26 Ekim tarihleri aras\u0131nda &#8230;<\/p>\n","protected":false},"excerpt":{"rendered":"<p>T\u00fcrk Eczac\u0131lar\u0131 Birli\u011fi (TEB), Van\u2019da meydana gelen deprem nedeniyle eczac\u0131lar\u0131n deste\u011fiyle ger\u00e7ekle\u015fecek bir yard\u0131m kampanyas\u0131 ba\u015flatt\u0131\u011f\u0131n\u0131 duyurdu. TEB Merkez Heyetinden yap\u0131lan yaz\u0131l\u0131 a\u00e7\u0131klamada, birlik taraf\u0131ndan 24 Ekim-26 Ekim tarihleri aras\u0131nda&hellip;<\/p>\n","protected":false},"author":1,"featured_media":3559,"comment_status":"open","ping_status":"open","sticky":false,"template":"","format":"standard","meta":{"footnotes":""},"categories":[2],"tags":[3540],"class_list":["post-3558","post","type-post","status-publish","format-standard","has-post-thumbnail","hentry","category-tarimgentr","tag-http-www-zaman-com-tr-haber-dohaberno1194341titletebden-afetzedeler-icin-yardim"],"_links":{"self":[{"href":"https:\/\/tarimhaber.com\/index.php?rest_route=\/wp\/v2\/posts\/3558","targetHints":{"allow":["GET"]}}],"collection":[{"href":"https:\/\/tarimhaber.com\/index.php?rest_route=\/wp\/v2\/posts"}],"about":[{"href":"https:\/\/tarimhaber.com\/index.php?rest_route=\/wp\/v2\/types\/post"}],"author":[{"embeddable":true,"href":"https:\/\/tarimhaber.com\/index.php?rest_route=\/wp\/v2\/users\/1"}],"replies":[{"embeddable":true,"href":"https:\/\/tarimhaber.com\/index.php?rest_route=%2Fwp%2Fv2%2Fcomments&post=3558"}],"version-history":[{"count":0,"href":"https:\/\/tarimhaber.com\/index.php?rest_route=\/wp\/v2\/posts\/3558\/revisions"}],"wp:featuredmedia":[{"embeddable":true,"href":"https:\/\/tarimhaber.com\/index.php?rest_route=\/wp\/v2\/media\/3559"}],"wp:attachment":[{"href":"https:\/\/tarimhaber.com\/index.php?rest_route=%2Fwp%2Fv2%2Fmedia&parent=3558"}],"wp:term":[{"taxonomy":"category","embeddable":true,"href":"https:\/\/tarimhaber.com\/index.php?rest_route=%2Fwp%2Fv2%2Fcategories&post=3558"},{"taxonomy":"post_tag","embeddable":true,"href":"https:\/\/tarimhaber.com\/index.php?rest_route=%2Fwp%2Fv2%2Ftags&post=3558"}],"curies":[{"name":"wp","href":"https:\/\/api.w.org\/{rel}","templated":true}]}}