{"id":3575,"date":"2011-10-29T23:01:01","date_gmt":"2011-10-29T23:01:01","guid":{"rendered":"http:\/\/tarimhaber.com\/?p=3575"},"modified":"2011-10-29T23:01:01","modified_gmt":"2011-10-29T23:01:01","slug":"depremde-ahirlar-da-yikildi-hayvanlar-icin-cadir-kurulacak","status":"publish","type":"post","link":"https:\/\/tarimhaber.com\/?p=3575","title":{"rendered":"Depremde ah\u0131rlar da y\u0131k\u0131ld\u0131, hayvanlar i\u00e7in \u00e7ad\u0131r kurulacak"},"content":{"rendered":"<p>Van\u2019\u0131n k\u00f6ylerinde 4 g\u00fcnd\u00fcr incelemelerde bulunan G\u0131da, Tar\u0131m ve Hayvanc\u0131l\u0131k Bakan\u0131 Mehdi Eker, &#8220;T\u00fcrkiye\u2019de \u015fu ana kadar hi\u00e7 \u00e7ad\u0131r ah\u0131r yap\u0131lmad\u0131. Bunu Van\u2019da kuraca\u011f\u0131z. Bu bir ilk olacak.&#8221; a\u00e7\u0131klamas\u0131 yapt\u0131. Bakan\u0131 Eker, bu a\u00e7\u0131klamay\u0131 d\u00fcn Van merkeze &#8230;<\/p>\n","protected":false},"excerpt":{"rendered":"<p>Van\u2019\u0131n k\u00f6ylerinde 4 g\u00fcnd\u00fcr incelemelerde bulunan G\u0131da, Tar\u0131m ve Hayvanc\u0131l\u0131k Bakan\u0131 Mehdi Eker, &#8220;T\u00fcrkiye\u2019de \u015fu ana kadar hi\u00e7 \u00e7ad\u0131r ah\u0131r yap\u0131lmad\u0131. Bunu Van\u2019da kuraca\u011f\u0131z. Bu bir ilk olacak.&#8221; a\u00e7\u0131klamas\u0131 yapt\u0131.&hellip;<\/p>\n","protected":false},"author":1,"featured_media":0,"comment_status":"open","ping_status":"open","sticky":false,"template":"","format":"standard","meta":{"footnotes":""},"categories":[2],"tags":[3619],"class_list":["post-3575","post","type-post","status-publish","format-standard","hentry","category-tarimgentr","tag-http-zaman-com-tr-haber-dohaberno1196460titledepremde-ahirlar-da-yikildi-hayvanlar-icin-cadir-kurulacak"],"_links":{"self":[{"href":"https:\/\/tarimhaber.com\/index.php?rest_route=\/wp\/v2\/posts\/3575","targetHints":{"allow":["GET"]}}],"collection":[{"href":"https:\/\/tarimhaber.com\/index.php?rest_route=\/wp\/v2\/posts"}],"about":[{"href":"https:\/\/tarimhaber.com\/index.php?rest_route=\/wp\/v2\/types\/post"}],"author":[{"embeddable":true,"href":"https:\/\/tarimhaber.com\/index.php?rest_route=\/wp\/v2\/users\/1"}],"replies":[{"embeddable":true,"href":"https:\/\/tarimhaber.com\/index.php?rest_route=%2Fwp%2Fv2%2Fcomments&post=3575"}],"version-history":[{"count":0,"href":"https:\/\/tarimhaber.com\/index.php?rest_route=\/wp\/v2\/posts\/3575\/revisions"}],"wp:attachment":[{"href":"https:\/\/tarimhaber.com\/index.php?rest_route=%2Fwp%2Fv2%2Fmedia&parent=3575"}],"wp:term":[{"taxonomy":"category","embeddable":true,"href":"https:\/\/tarimhaber.com\/index.php?rest_route=%2Fwp%2Fv2%2Fcategories&post=3575"},{"taxonomy":"post_tag","embeddable":true,"href":"https:\/\/tarimhaber.com\/index.php?rest_route=%2Fwp%2Fv2%2Ftags&post=3575"}],"curies":[{"name":"wp","href":"https:\/\/api.w.org\/{rel}","templated":true}]}}