{"id":3583,"date":"2011-11-03T10:14:00","date_gmt":"2011-11-03T10:14:00","guid":{"rendered":"http:\/\/tarimhaber.com\/?p=3583"},"modified":"2011-11-03T10:14:00","modified_gmt":"2011-11-03T10:14:00","slug":"enerji-ve-tabii-kaynaklar-bakanliginda-degisim-yenilenebilir-enerji-genel-mudurlugu-kuruldu","status":"publish","type":"post","link":"https:\/\/tarimhaber.com\/?p=3583","title":{"rendered":"Enerji ve Tabii Kaynaklar Bakanl\u0131\u011f\u0131\u2019nda de\u011fi\u015fim: Yenilenebilir Enerji Genel M\u00fcd\u00fcrl\u00fc\u011f\u00fc kuruldu.."},"content":{"rendered":"<p>Bu \u00e7er\u00e7evede Elektrik \u0130\u015fleri Et\u00fct \u0130daresi Genel M\u00fcd\u00fcrl\u00fc\u011f\u00fc ve Petrol \u0130\u015fleri Genel M\u00fcd\u00fcrl\u00fc\u011f\u00fc kapat\u0131ld\u0131, Yenilenebilir Enerji Genel M\u00fcd\u00fcrl\u00fc\u011f\u00fc ile N\u00fckleer Enerji Proje Uygulama Dairesi Ba\u015fkanl\u0131\u011f\u0131 olu\u015fturuldu. Konuya ili\u015fkin d\u00fczenleme, Resmi Gazete\u2019nin 2\/11\/2011 tarihli m\u00fckerrer say\u0131s\u0131nda yay\u0131mlanarak y\u00fcr\u00fcrl\u00fc\u011fe girdi.<br \/>\nGenel m\u00fcd\u00fcrl\u00fc\u011f\u00fcn g\u00f6revleri \u015f\u00f6yle:<\/p>\n","protected":false},"excerpt":{"rendered":"<p>Bu \u00e7er\u00e7evede Elektrik \u0130\u015fleri Et\u00fct \u0130daresi Genel M\u00fcd\u00fcrl\u00fc\u011f\u00fc ve Petrol \u0130\u015fleri Genel M\u00fcd\u00fcrl\u00fc\u011f\u00fc kapat\u0131ld\u0131, Yenilenebilir Enerji Genel M\u00fcd\u00fcrl\u00fc\u011f\u00fc ile N\u00fckleer Enerji Proje Uygulama Dairesi Ba\u015fkanl\u0131\u011f\u0131 olu\u015fturuldu. Konuya ili\u015fkin d\u00fczenleme, Resmi&hellip;<\/p>\n","protected":false},"author":1,"featured_media":3584,"comment_status":"open","ping_status":"open","sticky":false,"template":"","format":"standard","meta":{"footnotes":""},"categories":[2],"tags":[201],"class_list":["post-3583","post","type-post","status-publish","format-standard","has-post-thumbnail","hentry","category-tarimgentr","tag-http-ekonomi-haberturk-com-makro-ekonomi-haber-685229-enerji-ve-tabii-kaynaklar-bakanliginda-degisim"],"_links":{"self":[{"href":"https:\/\/tarimhaber.com\/index.php?rest_route=\/wp\/v2\/posts\/3583","targetHints":{"allow":["GET"]}}],"collection":[{"href":"https:\/\/tarimhaber.com\/index.php?rest_route=\/wp\/v2\/posts"}],"about":[{"href":"https:\/\/tarimhaber.com\/index.php?rest_route=\/wp\/v2\/types\/post"}],"author":[{"embeddable":true,"href":"https:\/\/tarimhaber.com\/index.php?rest_route=\/wp\/v2\/users\/1"}],"replies":[{"embeddable":true,"href":"https:\/\/tarimhaber.com\/index.php?rest_route=%2Fwp%2Fv2%2Fcomments&post=3583"}],"version-history":[{"count":0,"href":"https:\/\/tarimhaber.com\/index.php?rest_route=\/wp\/v2\/posts\/3583\/revisions"}],"wp:featuredmedia":[{"embeddable":true,"href":"https:\/\/tarimhaber.com\/index.php?rest_route=\/"}],"wp:attachment":[{"href":"https:\/\/tarimhaber.com\/index.php?rest_route=%2Fwp%2Fv2%2Fmedia&parent=3583"}],"wp:term":[{"taxonomy":"category","embeddable":true,"href":"https:\/\/tarimhaber.com\/index.php?rest_route=%2Fwp%2Fv2%2Fcategories&post=3583"},{"taxonomy":"post_tag","embeddable":true,"href":"https:\/\/tarimhaber.com\/index.php?rest_route=%2Fwp%2Fv2%2Ftags&post=3583"}],"curies":[{"name":"wp","href":"https:\/\/api.w.org\/{rel}","templated":true}]}}