{"id":3590,"date":"2011-11-07T23:40:20","date_gmt":"2011-11-07T23:40:20","guid":{"rendered":"http:\/\/tarimhaber.com\/?p=3590"},"modified":"2011-11-07T23:40:20","modified_gmt":"2011-11-07T23:40:20","slug":"mevsimlik-tarim-iscisi-memlekete-donunce-cadir-okul-da-kapandi","status":"publish","type":"post","link":"https:\/\/tarimhaber.com\/?p=3590","title":{"rendered":"Mevsimlik tar\u0131m i\u015f\u00e7isi memlekete d\u00f6n\u00fcnce \u00e7ad\u0131r okul da kapand\u0131"},"content":{"rendered":"<p>Tarlalarda \u00e7al\u0131\u015fmak i\u00e7in Do\u011fu ve G\u00fcneydo\u011fu illerinden Ankara\u2019n\u0131n Polatl\u0131 il\u00e7esine gelen mevsimlik tar\u0131m i\u015f\u00e7ileri bayram \u00f6ncesi memleketlerine d\u00f6n\u00fcnce, Polatl\u0131\u2019daki \u00e7ad\u0131r okul da kapand\u0131. POLATLI Kaymakam\u0131 G\u00fcrsoy Osman Bilgin, may\u0131s ay\u0131nda \u00e7al\u0131\u015fmak i\u00e7in &#8230;<\/p>\n","protected":false},"excerpt":{"rendered":"<p>Tarlalarda \u00e7al\u0131\u015fmak i\u00e7in Do\u011fu ve G\u00fcneydo\u011fu illerinden Ankara\u2019n\u0131n Polatl\u0131 il\u00e7esine gelen mevsimlik tar\u0131m i\u015f\u00e7ileri bayram \u00f6ncesi memleketlerine d\u00f6n\u00fcnce, Polatl\u0131\u2019daki \u00e7ad\u0131r okul da kapand\u0131. POLATLI Kaymakam\u0131 G\u00fcrsoy Osman Bilgin, may\u0131s ay\u0131nda&hellip;<\/p>\n","protected":false},"author":1,"featured_media":0,"comment_status":"open","ping_status":"open","sticky":false,"template":"","format":"standard","meta":{"footnotes":""},"categories":[2],"tags":[2293],"class_list":["post-3590","post","type-post","status-publish","format-standard","hentry","category-tarimgentr","tag-http-www-hurriyet-com-tr-ankara-19188513-asp"],"_links":{"self":[{"href":"https:\/\/tarimhaber.com\/index.php?rest_route=\/wp\/v2\/posts\/3590","targetHints":{"allow":["GET"]}}],"collection":[{"href":"https:\/\/tarimhaber.com\/index.php?rest_route=\/wp\/v2\/posts"}],"about":[{"href":"https:\/\/tarimhaber.com\/index.php?rest_route=\/wp\/v2\/types\/post"}],"author":[{"embeddable":true,"href":"https:\/\/tarimhaber.com\/index.php?rest_route=\/wp\/v2\/users\/1"}],"replies":[{"embeddable":true,"href":"https:\/\/tarimhaber.com\/index.php?rest_route=%2Fwp%2Fv2%2Fcomments&post=3590"}],"version-history":[{"count":0,"href":"https:\/\/tarimhaber.com\/index.php?rest_route=\/wp\/v2\/posts\/3590\/revisions"}],"wp:attachment":[{"href":"https:\/\/tarimhaber.com\/index.php?rest_route=%2Fwp%2Fv2%2Fmedia&parent=3590"}],"wp:term":[{"taxonomy":"category","embeddable":true,"href":"https:\/\/tarimhaber.com\/index.php?rest_route=%2Fwp%2Fv2%2Fcategories&post=3590"},{"taxonomy":"post_tag","embeddable":true,"href":"https:\/\/tarimhaber.com\/index.php?rest_route=%2Fwp%2Fv2%2Ftags&post=3590"}],"curies":[{"name":"wp","href":"https:\/\/api.w.org\/{rel}","templated":true}]}}