{"id":3594,"date":"2011-11-15T03:40:28","date_gmt":"2011-11-15T03:40:28","guid":{"rendered":"http:\/\/tarimhaber.com\/?p=3594"},"modified":"2011-11-15T03:40:28","modified_gmt":"2011-11-15T03:40:28","slug":"turkiye-tarima-en-fazla-destek-veren-ulke","status":"publish","type":"post","link":"https:\/\/tarimhaber.com\/?p=3594","title":{"rendered":"T\u00fcrkiye tar\u0131ma en fazla destek veren \u00fclke"},"content":{"rendered":"<p>G\u0131da Tar\u0131m ve Hayvanc\u0131l\u0131k Bakan\u0131 Eker, T\u00fcrkiye\u2019nin OECD \u00fclkeleri aras\u0131nda tar\u0131ma en fazla destek veren \u00fclke oldu\u011funu s\u00f6yledi. Eker, TBMM Plan ve B\u00fct\u00e7e Komisyonunda, bakanl\u0131\u011f\u0131n\u0131n 2012 y\u0131l\u0131 b\u00fct\u00e7esinin g\u00f6r\u00fc\u015fmelerinde milletvekillerinin ele\u015ftiri ve &#8230;<\/p>\n","protected":false},"excerpt":{"rendered":"<p>G\u0131da Tar\u0131m ve Hayvanc\u0131l\u0131k Bakan\u0131 Eker, T\u00fcrkiye\u2019nin OECD \u00fclkeleri aras\u0131nda tar\u0131ma en fazla destek veren \u00fclke oldu\u011funu s\u00f6yledi. Eker, TBMM Plan ve B\u00fct\u00e7e Komisyonunda, bakanl\u0131\u011f\u0131n\u0131n 2012 y\u0131l\u0131 b\u00fct\u00e7esinin g\u00f6r\u00fc\u015fmelerinde milletvekillerinin&hellip;<\/p>\n","protected":false},"author":1,"featured_media":0,"comment_status":"open","ping_status":"open","sticky":false,"template":"","format":"standard","meta":{"footnotes":""},"categories":[2],"tags":[463],"class_list":["post-3594","post","type-post","status-publish","format-standard","hentry","category-tarimgentr","tag-http-www-aa-com-tr-tr-kategoriler-ekonomi-102604-turkiye-tarima-en-fazla-destek-veren-ulke"],"_links":{"self":[{"href":"https:\/\/tarimhaber.com\/index.php?rest_route=\/wp\/v2\/posts\/3594","targetHints":{"allow":["GET"]}}],"collection":[{"href":"https:\/\/tarimhaber.com\/index.php?rest_route=\/wp\/v2\/posts"}],"about":[{"href":"https:\/\/tarimhaber.com\/index.php?rest_route=\/wp\/v2\/types\/post"}],"author":[{"embeddable":true,"href":"https:\/\/tarimhaber.com\/index.php?rest_route=\/wp\/v2\/users\/1"}],"replies":[{"embeddable":true,"href":"https:\/\/tarimhaber.com\/index.php?rest_route=%2Fwp%2Fv2%2Fcomments&post=3594"}],"version-history":[{"count":0,"href":"https:\/\/tarimhaber.com\/index.php?rest_route=\/wp\/v2\/posts\/3594\/revisions"}],"wp:attachment":[{"href":"https:\/\/tarimhaber.com\/index.php?rest_route=%2Fwp%2Fv2%2Fmedia&parent=3594"}],"wp:term":[{"taxonomy":"category","embeddable":true,"href":"https:\/\/tarimhaber.com\/index.php?rest_route=%2Fwp%2Fv2%2Fcategories&post=3594"},{"taxonomy":"post_tag","embeddable":true,"href":"https:\/\/tarimhaber.com\/index.php?rest_route=%2Fwp%2Fv2%2Ftags&post=3594"}],"curies":[{"name":"wp","href":"https:\/\/api.w.org\/{rel}","templated":true}]}}