{"id":3605,"date":"2011-11-17T07:34:47","date_gmt":"2011-11-17T07:34:47","guid":{"rendered":"http:\/\/tarimhaber.com\/?p=3605"},"modified":"2011-11-17T07:34:47","modified_gmt":"2011-11-17T07:34:47","slug":"mera-ve-ormanlar-canlanacak","status":"publish","type":"post","link":"https:\/\/tarimhaber.com\/?p=3605","title":{"rendered":"MERA VE ORMANLAR CANLANACAK"},"content":{"rendered":"<p>Vali \u0130rfan Balkanl\u0131o\u011flu\u2019nun ba\u015fkanl\u0131\u011f\u0131nda, Vali Yard\u0131mc\u0131s\u0131 Ali Muhiddin Varol, Defterdar Mustafa Ceylan, Milli Emlak M\u00fcd\u00fcr\u00fc \u00d6mer Ert\u00fcz\u00fcn, Tar\u0131m \u0130l M\u00fcd\u00fcr\u00fc Zekeriya Erdurmu\u015f, Orman \u0130\u015fletme M\u00fcd\u00fcr\u00fc Metin Kalyoncu ve komisyonda g\u00f6revli m\u00fchendislerin &#8230;<\/p>\n","protected":false},"excerpt":{"rendered":"<p>Vali \u0130rfan Balkanl\u0131o\u011flu\u2019nun ba\u015fkanl\u0131\u011f\u0131nda, Vali Yard\u0131mc\u0131s\u0131 Ali Muhiddin Varol, Defterdar Mustafa Ceylan, Milli Emlak M\u00fcd\u00fcr\u00fc \u00d6mer Ert\u00fcz\u00fcn, Tar\u0131m \u0130l M\u00fcd\u00fcr\u00fc Zekeriya Erdurmu\u015f, Orman \u0130\u015fletme M\u00fcd\u00fcr\u00fc Metin Kalyoncu ve komisyonda g\u00f6revli&hellip;<\/p>\n","protected":false},"author":1,"featured_media":0,"comment_status":"open","ping_status":"open","sticky":false,"template":"","format":"standard","meta":{"footnotes":""},"categories":[2],"tags":[490],"class_list":["post-3605","post","type-post","status-publish","format-standard","hentry","category-tarimgentr","tag-http-www-afyonhaber-com-p7156"],"_links":{"self":[{"href":"https:\/\/tarimhaber.com\/index.php?rest_route=\/wp\/v2\/posts\/3605","targetHints":{"allow":["GET"]}}],"collection":[{"href":"https:\/\/tarimhaber.com\/index.php?rest_route=\/wp\/v2\/posts"}],"about":[{"href":"https:\/\/tarimhaber.com\/index.php?rest_route=\/wp\/v2\/types\/post"}],"author":[{"embeddable":true,"href":"https:\/\/tarimhaber.com\/index.php?rest_route=\/wp\/v2\/users\/1"}],"replies":[{"embeddable":true,"href":"https:\/\/tarimhaber.com\/index.php?rest_route=%2Fwp%2Fv2%2Fcomments&post=3605"}],"version-history":[{"count":0,"href":"https:\/\/tarimhaber.com\/index.php?rest_route=\/wp\/v2\/posts\/3605\/revisions"}],"wp:attachment":[{"href":"https:\/\/tarimhaber.com\/index.php?rest_route=%2Fwp%2Fv2%2Fmedia&parent=3605"}],"wp:term":[{"taxonomy":"category","embeddable":true,"href":"https:\/\/tarimhaber.com\/index.php?rest_route=%2Fwp%2Fv2%2Fcategories&post=3605"},{"taxonomy":"post_tag","embeddable":true,"href":"https:\/\/tarimhaber.com\/index.php?rest_route=%2Fwp%2Fv2%2Ftags&post=3605"}],"curies":[{"name":"wp","href":"https:\/\/api.w.org\/{rel}","templated":true}]}}