{"id":3612,"date":"2011-11-18T12:50:50","date_gmt":"2011-11-18T12:50:50","guid":{"rendered":"http:\/\/tarimhaber.com\/?p=3612"},"modified":"2011-11-18T12:50:50","modified_gmt":"2011-11-18T12:50:50","slug":"turkiyenin-kirsal-kalkinma-adimlari-tartismaya-acildi","status":"publish","type":"post","link":"https:\/\/tarimhaber.com\/?p=3612","title":{"rendered":"T\u00fcrkiye\u2019nin k\u0131rsal kalk\u0131nma ad\u0131mlar\u0131 tart\u0131\u015fmaya a\u00e7\u0131ld\u0131"},"content":{"rendered":"<p>T\u00fcm g\u00fcn s\u00fcren konferans\u0131n a\u00e7\u0131l\u0131\u015f\u0131n\u0131 G\u0131da, Tar\u0131m ve Hayvanc\u0131l\u0131k Bakan\u0131 Mehdi Eker ile ve H\u00fcsn\u00fc \u00d6zye\u011fin birlikte yapt\u0131. K\u0131rsal yoksullu\u011fun \u00f6n\u00fcne ge\u00e7meyi ama\u00e7layan H\u00fcsn\u00fc M. \u00d6zye\u011fin Vakf\u0131, konferans ile hem k\u0131rsal kalk\u0131nmaya y\u00f6nelik tart\u0131\u015fmalar\u0131n &#8230;<\/p>\n","protected":false},"excerpt":{"rendered":"<p>T\u00fcm g\u00fcn s\u00fcren konferans\u0131n a\u00e7\u0131l\u0131\u015f\u0131n\u0131 G\u0131da, Tar\u0131m ve Hayvanc\u0131l\u0131k Bakan\u0131 Mehdi Eker ile ve H\u00fcsn\u00fc \u00d6zye\u011fin birlikte yapt\u0131. K\u0131rsal yoksullu\u011fun \u00f6n\u00fcne ge\u00e7meyi ama\u00e7layan H\u00fcsn\u00fc M. \u00d6zye\u011fin Vakf\u0131, konferans ile hem&hellip;<\/p>\n","protected":false},"author":1,"featured_media":0,"comment_status":"open","ping_status":"open","sticky":false,"template":"","format":"standard","meta":{"footnotes":""},"categories":[2],"tags":[2367],"class_list":["post-3612","post","type-post","status-publish","format-standard","hentry","category-tarimgentr","tag-http-www-hurriyet-com-tr-ekonomi-19274446-asp"],"_links":{"self":[{"href":"https:\/\/tarimhaber.com\/index.php?rest_route=\/wp\/v2\/posts\/3612","targetHints":{"allow":["GET"]}}],"collection":[{"href":"https:\/\/tarimhaber.com\/index.php?rest_route=\/wp\/v2\/posts"}],"about":[{"href":"https:\/\/tarimhaber.com\/index.php?rest_route=\/wp\/v2\/types\/post"}],"author":[{"embeddable":true,"href":"https:\/\/tarimhaber.com\/index.php?rest_route=\/wp\/v2\/users\/1"}],"replies":[{"embeddable":true,"href":"https:\/\/tarimhaber.com\/index.php?rest_route=%2Fwp%2Fv2%2Fcomments&post=3612"}],"version-history":[{"count":0,"href":"https:\/\/tarimhaber.com\/index.php?rest_route=\/wp\/v2\/posts\/3612\/revisions"}],"wp:attachment":[{"href":"https:\/\/tarimhaber.com\/index.php?rest_route=%2Fwp%2Fv2%2Fmedia&parent=3612"}],"wp:term":[{"taxonomy":"category","embeddable":true,"href":"https:\/\/tarimhaber.com\/index.php?rest_route=%2Fwp%2Fv2%2Fcategories&post=3612"},{"taxonomy":"post_tag","embeddable":true,"href":"https:\/\/tarimhaber.com\/index.php?rest_route=%2Fwp%2Fv2%2Ftags&post=3612"}],"curies":[{"name":"wp","href":"https:\/\/api.w.org\/{rel}","templated":true}]}}