{"id":3632,"date":"2011-11-22T23:55:55","date_gmt":"2011-11-22T23:55:55","guid":{"rendered":"http:\/\/tarimhaber.com\/?p=3632"},"modified":"2011-11-22T23:55:55","modified_gmt":"2011-11-22T23:55:55","slug":"kdv-indiriminde-sira-yag-salca-ve-makarnada","status":"publish","type":"post","link":"https:\/\/tarimhaber.com\/?p=3632","title":{"rendered":"KDV indiriminde s\u0131ra ya\u011f, sal\u00e7a ve makarnada"},"content":{"rendered":"<p>G\u0131da \u00fcr\u00fcnlerini kay\u0131t alt\u0131na almak isteyen Tar\u0131m ve Hayvanc\u0131l\u0131k Bakanl\u0131\u011f\u0131, etteki KDV indirimini di\u011fer g\u0131da \u00fcr\u00fcnlerinede yans\u0131tmaya haz\u0131rlan\u0131yor. Bakan Mehdi Eker, y\u0131l bitmeden bilhassa bakliyattaki y\u00fczde 8 olan KDV\u2019nin y\u00fczde 1\u2019e \u00e7ekilebilece\u011fini &#8230;<\/p>\n","protected":false},"excerpt":{"rendered":"<p>G\u0131da \u00fcr\u00fcnlerini kay\u0131t alt\u0131na almak isteyen Tar\u0131m ve Hayvanc\u0131l\u0131k Bakanl\u0131\u011f\u0131, etteki KDV indirimini di\u011fer g\u0131da \u00fcr\u00fcnlerinede yans\u0131tmaya haz\u0131rlan\u0131yor. Bakan Mehdi Eker, y\u0131l bitmeden bilhassa bakliyattaki y\u00fczde 8 olan KDV\u2019nin y\u00fczde&hellip;<\/p>\n","protected":false},"author":1,"featured_media":0,"comment_status":"open","ping_status":"open","sticky":false,"template":"","format":"standard","meta":{"footnotes":""},"categories":[2],"tags":[3620],"class_list":["post-3632","post","type-post","status-publish","format-standard","hentry","category-tarimgentr","tag-http-zaman-com-tr-haber-dohaberno1205282titlekdv-indiriminde-sira-yag-salca-ve-makarnada"],"_links":{"self":[{"href":"https:\/\/tarimhaber.com\/index.php?rest_route=\/wp\/v2\/posts\/3632","targetHints":{"allow":["GET"]}}],"collection":[{"href":"https:\/\/tarimhaber.com\/index.php?rest_route=\/wp\/v2\/posts"}],"about":[{"href":"https:\/\/tarimhaber.com\/index.php?rest_route=\/wp\/v2\/types\/post"}],"author":[{"embeddable":true,"href":"https:\/\/tarimhaber.com\/index.php?rest_route=\/wp\/v2\/users\/1"}],"replies":[{"embeddable":true,"href":"https:\/\/tarimhaber.com\/index.php?rest_route=%2Fwp%2Fv2%2Fcomments&post=3632"}],"version-history":[{"count":0,"href":"https:\/\/tarimhaber.com\/index.php?rest_route=\/wp\/v2\/posts\/3632\/revisions"}],"wp:attachment":[{"href":"https:\/\/tarimhaber.com\/index.php?rest_route=%2Fwp%2Fv2%2Fmedia&parent=3632"}],"wp:term":[{"taxonomy":"category","embeddable":true,"href":"https:\/\/tarimhaber.com\/index.php?rest_route=%2Fwp%2Fv2%2Fcategories&post=3632"},{"taxonomy":"post_tag","embeddable":true,"href":"https:\/\/tarimhaber.com\/index.php?rest_route=%2Fwp%2Fv2%2Ftags&post=3632"}],"curies":[{"name":"wp","href":"https:\/\/api.w.org\/{rel}","templated":true}]}}