{"id":3636,"date":"2011-11-23T17:33:27","date_gmt":"2011-11-23T17:33:27","guid":{"rendered":"http:\/\/tarimhaber.com\/?p=3636"},"modified":"2011-11-23T17:33:27","modified_gmt":"2011-11-23T17:33:27","slug":"izmir-iki-bakanla-expo-2020-sinavinda","status":"publish","type":"post","link":"https:\/\/tarimhaber.com\/?p=3636","title":{"rendered":"\u0130zmir \u0130ki Bakanla Expo 2020 S\u0131nav\u0131nda"},"content":{"rendered":"<p>2020 EXPO aday\u0131 \u0130zmir, Paris\u2019te Ula\u015ft\u0131rma Denizcilik ve Haberle\u015fme Bakan\u0131 Binali Y\u0131ld\u0131r\u0131m ve Tar\u0131m G\u0131da ve Hayvanc\u0131l\u0131k Bakan\u0131 Mehdi Eker\u2019in kat\u0131ld\u0131\u011f\u0131 Uluslararas\u0131 Sergiler B\u00fcrosu (B\u0130E) Genel Kurulu\u2019nda temsil edildi. 2020 EXPO aday\u0131 \u0130zmir, &#8230;<\/p>\n","protected":false},"excerpt":{"rendered":"<p>2020 EXPO aday\u0131 \u0130zmir, Paris\u2019te Ula\u015ft\u0131rma Denizcilik ve Haberle\u015fme Bakan\u0131 Binali Y\u0131ld\u0131r\u0131m ve Tar\u0131m G\u0131da ve Hayvanc\u0131l\u0131k Bakan\u0131 Mehdi Eker\u2019in kat\u0131ld\u0131\u011f\u0131 Uluslararas\u0131 Sergiler B\u00fcrosu (B\u0130E) Genel Kurulu\u2019nda temsil edildi. 2020&hellip;<\/p>\n","protected":false},"author":1,"featured_media":0,"comment_status":"open","ping_status":"open","sticky":false,"template":"","format":"standard","meta":{"footnotes":""},"categories":[2],"tags":[1678],"class_list":["post-3636","post","type-post","status-publish","format-standard","hentry","category-tarimgentr","tag-http-www-haberler-com-izmir-iki-bakanla-expo-2020-sinavinda-3145614-haberi"],"_links":{"self":[{"href":"https:\/\/tarimhaber.com\/index.php?rest_route=\/wp\/v2\/posts\/3636","targetHints":{"allow":["GET"]}}],"collection":[{"href":"https:\/\/tarimhaber.com\/index.php?rest_route=\/wp\/v2\/posts"}],"about":[{"href":"https:\/\/tarimhaber.com\/index.php?rest_route=\/wp\/v2\/types\/post"}],"author":[{"embeddable":true,"href":"https:\/\/tarimhaber.com\/index.php?rest_route=\/wp\/v2\/users\/1"}],"replies":[{"embeddable":true,"href":"https:\/\/tarimhaber.com\/index.php?rest_route=%2Fwp%2Fv2%2Fcomments&post=3636"}],"version-history":[{"count":0,"href":"https:\/\/tarimhaber.com\/index.php?rest_route=\/wp\/v2\/posts\/3636\/revisions"}],"wp:attachment":[{"href":"https:\/\/tarimhaber.com\/index.php?rest_route=%2Fwp%2Fv2%2Fmedia&parent=3636"}],"wp:term":[{"taxonomy":"category","embeddable":true,"href":"https:\/\/tarimhaber.com\/index.php?rest_route=%2Fwp%2Fv2%2Fcategories&post=3636"},{"taxonomy":"post_tag","embeddable":true,"href":"https:\/\/tarimhaber.com\/index.php?rest_route=%2Fwp%2Fv2%2Ftags&post=3636"}],"curies":[{"name":"wp","href":"https:\/\/api.w.org\/{rel}","templated":true}]}}