{"id":3638,"date":"2011-11-23T14:36:18","date_gmt":"2011-11-23T14:36:18","guid":{"rendered":"http:\/\/tarimhaber.com\/?p=3638"},"modified":"2011-11-23T14:36:18","modified_gmt":"2011-11-23T14:36:18","slug":"antalya-expo-biletini-kapti","status":"publish","type":"post","link":"https:\/\/tarimhaber.com\/?p=3638","title":{"rendered":"Antalya EXPO biletini kapt\u0131!"},"content":{"rendered":"<p>G\u0131da, Tar\u0131m ve Hayvanc\u0131l\u0131k Bakan\u0131 Mehdi Eker, Paris\u2019teki Ekonomik \u0130\u015fbirli\u011fi ve Kalk\u0131nma Te\u015fkilat\u0131 (OECD) binas\u0131nda d\u00fczenlenen t\u00f6rende Expo bayra\u011f\u0131n\u0131 teslim ald\u0131. Uluslararas\u0131 Sergiler B\u00fcrosu (BIE) \u00fcyesi 157 delegenin d\u00fcnk\u00fc oylamada Antalya\u2019n\u0131n &#8230;<\/p>\n","protected":false},"excerpt":{"rendered":"<p>G\u0131da, Tar\u0131m ve Hayvanc\u0131l\u0131k Bakan\u0131 Mehdi Eker, Paris\u2019teki Ekonomik \u0130\u015fbirli\u011fi ve Kalk\u0131nma Te\u015fkilat\u0131 (OECD) binas\u0131nda d\u00fczenlenen t\u00f6rende Expo bayra\u011f\u0131n\u0131 teslim ald\u0131. Uluslararas\u0131 Sergiler B\u00fcrosu (BIE) \u00fcyesi 157 delegenin d\u00fcnk\u00fc oylamada&hellip;<\/p>\n","protected":false},"author":1,"featured_media":0,"comment_status":"open","ping_status":"open","sticky":false,"template":"","format":"standard","meta":{"footnotes":""},"categories":[2],"tags":[293],"class_list":["post-3638","post","type-post","status-publish","format-standard","hentry","category-tarimgentr","tag-http-haber-gazetevatan-com-antalya-expo-biletini-kapti-412874-1-gundem"],"_links":{"self":[{"href":"https:\/\/tarimhaber.com\/index.php?rest_route=\/wp\/v2\/posts\/3638","targetHints":{"allow":["GET"]}}],"collection":[{"href":"https:\/\/tarimhaber.com\/index.php?rest_route=\/wp\/v2\/posts"}],"about":[{"href":"https:\/\/tarimhaber.com\/index.php?rest_route=\/wp\/v2\/types\/post"}],"author":[{"embeddable":true,"href":"https:\/\/tarimhaber.com\/index.php?rest_route=\/wp\/v2\/users\/1"}],"replies":[{"embeddable":true,"href":"https:\/\/tarimhaber.com\/index.php?rest_route=%2Fwp%2Fv2%2Fcomments&post=3638"}],"version-history":[{"count":0,"href":"https:\/\/tarimhaber.com\/index.php?rest_route=\/wp\/v2\/posts\/3638\/revisions"}],"wp:attachment":[{"href":"https:\/\/tarimhaber.com\/index.php?rest_route=%2Fwp%2Fv2%2Fmedia&parent=3638"}],"wp:term":[{"taxonomy":"category","embeddable":true,"href":"https:\/\/tarimhaber.com\/index.php?rest_route=%2Fwp%2Fv2%2Fcategories&post=3638"},{"taxonomy":"post_tag","embeddable":true,"href":"https:\/\/tarimhaber.com\/index.php?rest_route=%2Fwp%2Fv2%2Ftags&post=3638"}],"curies":[{"name":"wp","href":"https:\/\/api.w.org\/{rel}","templated":true}]}}