{"id":3650,"date":"2011-11-27T02:06:50","date_gmt":"2011-11-27T02:06:50","guid":{"rendered":"http:\/\/tarimhaber.com\/?p=3650"},"modified":"2011-11-27T02:06:50","modified_gmt":"2011-11-27T02:06:50","slug":"turkiye-tarimda-onemli-bir-guc-haline-geldi","status":"publish","type":"post","link":"https:\/\/tarimhaber.com\/?p=3650","title":{"rendered":"T\u00fcrkiye tar\u0131mda \u00f6nemli bir g\u00fc\u00e7 haline geldi"},"content":{"rendered":"<p>OECD\u2019nin raporuna g\u00f6re T\u00fcrkiye\u2019nin tar\u0131msal ekonomik b\u00fcy\u00fckl\u00fck a\u00e7\u0131s\u0131ndan Avrupa\u2019da liderli\u011fe y\u00fckseldi\u011fini belirten Bursa Milletvekili Y\u0131ld\u0131r\u0131m, \u2019\u2019D\u00fcnyada ise 7\u2019inci s\u0131raday\u0131z\u2019\u2019 dedi. AK Parti Bursa Milletvekili Bedrettin Y\u0131ld\u0131r\u0131m, T\u00fcrkiye\u2019nin tar\u0131m &#8230;<\/p>\n","protected":false},"excerpt":{"rendered":"<p>OECD\u2019nin raporuna g\u00f6re T\u00fcrkiye\u2019nin tar\u0131msal ekonomik b\u00fcy\u00fckl\u00fck a\u00e7\u0131s\u0131ndan Avrupa\u2019da liderli\u011fe y\u00fckseldi\u011fini belirten Bursa Milletvekili Y\u0131ld\u0131r\u0131m, \u2019\u2019D\u00fcnyada ise 7\u2019inci s\u0131raday\u0131z\u2019\u2019 dedi. AK Parti Bursa Milletvekili Bedrettin Y\u0131ld\u0131r\u0131m, T\u00fcrkiye\u2019nin tar\u0131m &#8230;<\/p>\n","protected":false},"author":1,"featured_media":0,"comment_status":"open","ping_status":"open","sticky":false,"template":"","format":"standard","meta":{"footnotes":""},"categories":[2],"tags":[2837],"class_list":["post-3650","post","type-post","status-publish","format-standard","hentry","category-tarimgentr","tag-http-www-olay-com-tr-haber-ekonomi-turkiye-tarimda-onemli-bir-guc-haline-geldi-88548-html"],"_links":{"self":[{"href":"https:\/\/tarimhaber.com\/index.php?rest_route=\/wp\/v2\/posts\/3650","targetHints":{"allow":["GET"]}}],"collection":[{"href":"https:\/\/tarimhaber.com\/index.php?rest_route=\/wp\/v2\/posts"}],"about":[{"href":"https:\/\/tarimhaber.com\/index.php?rest_route=\/wp\/v2\/types\/post"}],"author":[{"embeddable":true,"href":"https:\/\/tarimhaber.com\/index.php?rest_route=\/wp\/v2\/users\/1"}],"replies":[{"embeddable":true,"href":"https:\/\/tarimhaber.com\/index.php?rest_route=%2Fwp%2Fv2%2Fcomments&post=3650"}],"version-history":[{"count":0,"href":"https:\/\/tarimhaber.com\/index.php?rest_route=\/wp\/v2\/posts\/3650\/revisions"}],"wp:attachment":[{"href":"https:\/\/tarimhaber.com\/index.php?rest_route=%2Fwp%2Fv2%2Fmedia&parent=3650"}],"wp:term":[{"taxonomy":"category","embeddable":true,"href":"https:\/\/tarimhaber.com\/index.php?rest_route=%2Fwp%2Fv2%2Fcategories&post=3650"},{"taxonomy":"post_tag","embeddable":true,"href":"https:\/\/tarimhaber.com\/index.php?rest_route=%2Fwp%2Fv2%2Ftags&post=3650"}],"curies":[{"name":"wp","href":"https:\/\/api.w.org\/{rel}","templated":true}]}}