{"id":3652,"date":"2011-11-29T10:06:31","date_gmt":"2011-11-29T10:06:31","guid":{"rendered":"http:\/\/tarimhaber.com\/?p=3652"},"modified":"2011-11-29T10:06:31","modified_gmt":"2011-11-29T10:06:31","slug":"fethiyedeki-balik-ciftliklerinin-tarima-zarar-verdigi-iddia-ediliyor","status":"publish","type":"post","link":"https:\/\/tarimhaber.com\/?p=3652","title":{"rendered":"Fethiye\u2019deki bal\u0131k \u00e7iftliklerinin tar\u0131ma zarar verdi\u011fi iddia ediliyor"},"content":{"rendered":"<p>Mu\u011fla\u2019n\u0131n Fethiye il\u00e7esine ba\u011fl\u0131 Yan\u0131klar k\u00f6y\u00fcndeki \u00fc\u00e7 bal\u0131k \u00e7iftli\u011finin, \u00e7aydan kiralad\u0131klar\u0131ndan daha fazla su kulland\u0131\u011f\u0131, bu sebeple \u00e7ift\u00e7ilerin susuz kald\u0131\u011f\u0131, ayr\u0131ca ar\u0131tma olmad\u0131\u011f\u0131 i\u00e7in de tar\u0131m \u00fcr\u00fcnlerinin zarar g\u00f6rd\u00fc\u011f\u00fc iddia ediliyor. &#8230;<\/p>\n","protected":false},"excerpt":{"rendered":"<p>Mu\u011fla\u2019n\u0131n Fethiye il\u00e7esine ba\u011fl\u0131 Yan\u0131klar k\u00f6y\u00fcndeki \u00fc\u00e7 bal\u0131k \u00e7iftli\u011finin, \u00e7aydan kiralad\u0131klar\u0131ndan daha fazla su kulland\u0131\u011f\u0131, bu sebeple \u00e7ift\u00e7ilerin susuz kald\u0131\u011f\u0131, ayr\u0131ca ar\u0131tma olmad\u0131\u011f\u0131 i\u00e7in de tar\u0131m \u00fcr\u00fcnlerinin zarar g\u00f6rd\u00fc\u011f\u00fc iddia&hellip;<\/p>\n","protected":false},"author":1,"featured_media":0,"comment_status":"open","ping_status":"open","sticky":false,"template":"","format":"standard","meta":{"footnotes":""},"categories":[2],"tags":[3289],"class_list":["post-3652","post","type-post","status-publish","format-standard","hentry","category-tarimgentr","tag-http-www-timeturk-com-tr-2011-11-29-fethiye-deki-balik-ciftliklerinin-tarima-zarar-verdigi-iddia-ediliyor-html"],"_links":{"self":[{"href":"https:\/\/tarimhaber.com\/index.php?rest_route=\/wp\/v2\/posts\/3652","targetHints":{"allow":["GET"]}}],"collection":[{"href":"https:\/\/tarimhaber.com\/index.php?rest_route=\/wp\/v2\/posts"}],"about":[{"href":"https:\/\/tarimhaber.com\/index.php?rest_route=\/wp\/v2\/types\/post"}],"author":[{"embeddable":true,"href":"https:\/\/tarimhaber.com\/index.php?rest_route=\/wp\/v2\/users\/1"}],"replies":[{"embeddable":true,"href":"https:\/\/tarimhaber.com\/index.php?rest_route=%2Fwp%2Fv2%2Fcomments&post=3652"}],"version-history":[{"count":0,"href":"https:\/\/tarimhaber.com\/index.php?rest_route=\/wp\/v2\/posts\/3652\/revisions"}],"wp:attachment":[{"href":"https:\/\/tarimhaber.com\/index.php?rest_route=%2Fwp%2Fv2%2Fmedia&parent=3652"}],"wp:term":[{"taxonomy":"category","embeddable":true,"href":"https:\/\/tarimhaber.com\/index.php?rest_route=%2Fwp%2Fv2%2Fcategories&post=3652"},{"taxonomy":"post_tag","embeddable":true,"href":"https:\/\/tarimhaber.com\/index.php?rest_route=%2Fwp%2Fv2%2Ftags&post=3652"}],"curies":[{"name":"wp","href":"https:\/\/api.w.org\/{rel}","templated":true}]}}