{"id":3658,"date":"2011-12-01T09:34:27","date_gmt":"2011-12-01T09:34:27","guid":{"rendered":"http:\/\/tarimhaber.com\/?p=3658"},"modified":"2011-12-01T09:34:27","modified_gmt":"2011-12-01T09:34:27","slug":"dokme-suyla-degirmen-donmez","status":"publish","type":"post","link":"https:\/\/tarimhaber.com\/?p=3658","title":{"rendered":"D\u00f6kme Suyla De\u011firmen D\u00f6nmez"},"content":{"rendered":"<p>Avrasya\u2019n\u0131n en b\u00fcy\u00fck tar\u0131m fuar\u0131 Growtech Eurasia 2011 bug\u00fcn a\u00e7\u0131l\u0131yor&#8230; Uluslararas\u0131 arenadan yo\u011fun kat\u0131l\u0131m ile ger\u00e7ekle\u015fecek Growtech Eurasia 2011, Avrasya\u2019n\u0131n en geni\u015f kapsaml\u0131 tar\u0131m fuar\u0131 olma \u00f6zelli\u011fi ta\u015f\u0131rken, Hollanda, Almanya, Fransa, \u00c7in, \u0130spanya \u00fclke pavilionlar\u0131 ile fuarda yer al\u0131yor. Growtech Eurasia T\u00fcrkiye\u2019de \u00fclkesel bazda milli kat\u0131l\u0131m ile ger\u00e7ekle\u015ftirilen tek tar\u0131m fuar\u0131 olarak g\u00f6z dolduruyor.<br \/>\nTRT Bu Topra\u011f\u0131n Sesi Program\u0131\u2019na kat\u0131lan fuar y\u00f6neticisi Engin Er, 11. kez kap\u0131lar\u0131n\u0131 a\u00e7maya haz\u0131rlanan bu fuar ile ilgili olarak ciddi bir \u00e7al\u0131\u015fma yapt\u0131klar\u0131n\u0131, kat\u0131l\u0131mc\u0131lar\u0131 ve ziyaret\u00e7ileri fuara \u00e7ekebilmek i\u00e7in profesyonelce haz\u0131rl\u0131klar yapt\u0131klar\u0131n\u0131, kat\u0131l\u0131mc\u0131 anlam\u0131nda 35.000 m\u00b2 alanda 600\u2019\u00fcn \u00fczerinde ulusal ve uluslararas\u0131 firman\u0131n kat\u0131l\u0131m\u0131yla bu hedeflerini ger\u00e7ekle\u015ftirdiklerini, fuar s\u00fcresince de 70.000\u2019in \u00fczerinde profesyonel ziyaret\u00e7iyi fuara beklediklerini belirtti.<\/p>\n","protected":false},"excerpt":{"rendered":"<p>Avrasya\u2019n\u0131n en b\u00fcy\u00fck tar\u0131m fuar\u0131 Growtech Eurasia 2011 bug\u00fcn a\u00e7\u0131l\u0131yor&#8230; Uluslararas\u0131 arenadan yo\u011fun kat\u0131l\u0131m ile ger\u00e7ekle\u015fecek Growtech Eurasia 2011, Avrasya\u2019n\u0131n en geni\u015f kapsaml\u0131 tar\u0131m fuar\u0131 olma \u00f6zelli\u011fi ta\u015f\u0131rken, Hollanda, Almanya,&hellip;<\/p>\n","protected":false},"author":1,"featured_media":3659,"comment_status":"open","ping_status":"open","sticky":false,"template":"","format":"standard","meta":{"footnotes":""},"categories":[2],"tags":[],"class_list":["post-3658","post","type-post","status-publish","format-standard","has-post-thumbnail","hentry","category-tarimgentr"],"_links":{"self":[{"href":"https:\/\/tarimhaber.com\/index.php?rest_route=\/wp\/v2\/posts\/3658","targetHints":{"allow":["GET"]}}],"collection":[{"href":"https:\/\/tarimhaber.com\/index.php?rest_route=\/wp\/v2\/posts"}],"about":[{"href":"https:\/\/tarimhaber.com\/index.php?rest_route=\/wp\/v2\/types\/post"}],"author":[{"embeddable":true,"href":"https:\/\/tarimhaber.com\/index.php?rest_route=\/wp\/v2\/users\/1"}],"replies":[{"embeddable":true,"href":"https:\/\/tarimhaber.com\/index.php?rest_route=%2Fwp%2Fv2%2Fcomments&post=3658"}],"version-history":[{"count":0,"href":"https:\/\/tarimhaber.com\/index.php?rest_route=\/wp\/v2\/posts\/3658\/revisions"}],"wp:featuredmedia":[{"embeddable":true,"href":"https:\/\/tarimhaber.com\/index.php?rest_route=\/wp\/v2\/media\/3659"}],"wp:attachment":[{"href":"https:\/\/tarimhaber.com\/index.php?rest_route=%2Fwp%2Fv2%2Fmedia&parent=3658"}],"wp:term":[{"taxonomy":"category","embeddable":true,"href":"https:\/\/tarimhaber.com\/index.php?rest_route=%2Fwp%2Fv2%2Fcategories&post=3658"},{"taxonomy":"post_tag","embeddable":true,"href":"https:\/\/tarimhaber.com\/index.php?rest_route=%2Fwp%2Fv2%2Ftags&post=3658"}],"curies":[{"name":"wp","href":"https:\/\/api.w.org\/{rel}","templated":true}]}}