{"id":3662,"date":"2011-12-01T08:16:07","date_gmt":"2011-12-01T08:16:07","guid":{"rendered":"http:\/\/tarimhaber.com\/?p=3662"},"modified":"2011-12-01T08:16:07","modified_gmt":"2011-12-01T08:16:07","slug":"kara-bugday-turkiyede-ilk-kez-konyada-yetisecek","status":"publish","type":"post","link":"https:\/\/tarimhaber.com\/?p=3662","title":{"rendered":"Kara Bu\u011fday T\u00fcrkiye\u2019de ilk kez Konya\u2019da yeti\u015fecek&#8230;"},"content":{"rendered":"<p>Konya\u00b4da, Bahri Da\u011fda\u015f Uluslararas\u0131 Tar\u0131msal Ara\u015ft\u0131rma Enstit\u00fcs\u00fc taraf\u0131ndan \u00fcretim izni al\u0131nan, \u00b4\u00b4gluten\u00b4\u00b4 adl\u0131 Proteine kar\u015f\u0131 alerji nedeniyle geli\u015fen \u00e7\u00f6lyak hastal\u0131\u011f\u0131 olan ki\u015filer taraf\u0131ndan t\u00fcketilen \u00b4\u00b4Kara Bu\u011fday\u00b4\u00b4\u0131n, T\u00fcrkiye\u00b4de ilk kez Konya\u00b4da &#8230;<\/p>\n","protected":false},"excerpt":{"rendered":"<p>Konya\u00b4da, Bahri Da\u011fda\u015f Uluslararas\u0131 Tar\u0131msal Ara\u015ft\u0131rma Enstit\u00fcs\u00fc taraf\u0131ndan \u00fcretim izni al\u0131nan, \u00b4\u00b4gluten\u00b4\u00b4 adl\u0131 Proteine kar\u015f\u0131 alerji nedeniyle geli\u015fen \u00e7\u00f6lyak hastal\u0131\u011f\u0131 olan ki\u015filer taraf\u0131ndan t\u00fcketilen \u00b4\u00b4Kara Bu\u011fday\u00b4\u00b4\u0131n, T\u00fcrkiye\u00b4de ilk kez Konya\u00b4da&hellip;<\/p>\n","protected":false},"author":1,"featured_media":0,"comment_status":"open","ping_status":"open","sticky":false,"template":"","format":"standard","meta":{"footnotes":""},"categories":[2],"tags":[786],"class_list":["post-3662","post","type-post","status-publish","format-standard","hentry","category-tarimgentr","tag-http-www-diyadinnet-com-haber-11088-kara-buday-trkiyede-ilk-kez-konyada-yetiecek"],"_links":{"self":[{"href":"https:\/\/tarimhaber.com\/index.php?rest_route=\/wp\/v2\/posts\/3662","targetHints":{"allow":["GET"]}}],"collection":[{"href":"https:\/\/tarimhaber.com\/index.php?rest_route=\/wp\/v2\/posts"}],"about":[{"href":"https:\/\/tarimhaber.com\/index.php?rest_route=\/wp\/v2\/types\/post"}],"author":[{"embeddable":true,"href":"https:\/\/tarimhaber.com\/index.php?rest_route=\/wp\/v2\/users\/1"}],"replies":[{"embeddable":true,"href":"https:\/\/tarimhaber.com\/index.php?rest_route=%2Fwp%2Fv2%2Fcomments&post=3662"}],"version-history":[{"count":0,"href":"https:\/\/tarimhaber.com\/index.php?rest_route=\/wp\/v2\/posts\/3662\/revisions"}],"wp:attachment":[{"href":"https:\/\/tarimhaber.com\/index.php?rest_route=%2Fwp%2Fv2%2Fmedia&parent=3662"}],"wp:term":[{"taxonomy":"category","embeddable":true,"href":"https:\/\/tarimhaber.com\/index.php?rest_route=%2Fwp%2Fv2%2Fcategories&post=3662"},{"taxonomy":"post_tag","embeddable":true,"href":"https:\/\/tarimhaber.com\/index.php?rest_route=%2Fwp%2Fv2%2Ftags&post=3662"}],"curies":[{"name":"wp","href":"https:\/\/api.w.org\/{rel}","templated":true}]}}