{"id":3664,"date":"2011-12-01T12:58:16","date_gmt":"2011-12-01T12:58:16","guid":{"rendered":"http:\/\/tarimhaber.com\/?p=3664"},"modified":"2011-12-01T12:58:16","modified_gmt":"2011-12-01T12:58:16","slug":"avrasyanin-en-buyuk-tarim-fuari-growtech-eurasia-2011-kapilarini-acti","status":"publish","type":"post","link":"https:\/\/tarimhaber.com\/?p=3664","title":{"rendered":"Avrasya\u2019n\u0131n En B\u00fcy\u00fck Tar\u0131m Fuar\u0131 Growtech Eurasia 2011 kap\u0131lar\u0131n\u0131 a\u00e7t\u0131"},"content":{"rendered":"<p>11. Growtech Eurasia Fuar\u0131\u2019n\u0131n a\u00e7\u0131l\u0131\u015f\u0131n\u0131 G\u0131da, Tar\u0131m ve Hayvanc\u0131l\u0131k Bakan\u0131 Mehmet Mehdi Eker, Kuzey K\u0131br\u0131s T\u00fcrk Cumhuriyeti Tar\u0131m ve Do\u011fal Kaynaklar Bakan\u0131 Ali \u00c7etin Amcao\u011flu ile birlikte yapt\u0131.<br \/>\nA\u00e7\u0131l\u0131\u015f t\u00f6renine, \u00fcst d\u00fczey protokol\u00fcn de aralar\u0131nda bulundu\u011fu sekt\u00f6rle ilgili yerli ve yabanc\u0131 bir \u00e7ok konuk kat\u0131ld\u0131. Growtech Eurasia Tar\u0131m Fuar\u0131\u2019nda ilk kez t\u00fcm d\u00fcnyan\u0131n ticaret kap\u0131lar\u0131n\u0131 zorlad\u0131\u011f\u0131 \u0130ran, Kuzey K\u0131br\u0131s T\u00fcrk Cumhuriyeti ve T\u00fcrki Cumhuriyetleri Growtech Tar\u0131m Fuar\u0131na tam anlam\u0131yla \u00e7\u0131karma yapt\u0131. D\u00fcnya tar\u0131m\u0131n\u0131n \u00f6nemli temsilcilerinin de T\u00fcrk \u00fcreticilere \u00fcr\u00fcnlerini tan\u0131tmak i\u00e7in yer ald\u0131\u011f\u0131 fuarda ayr\u0131ca \u0130spanya,Almanya, \u00c7in ve Hollanda\u2019da fuarda \u00f6ne \u00e7\u0131kan \u00fclkeler aras\u0131nda yer ald\u0131. Fuara kat\u0131lan \u00fcreticilerle birebir g\u00f6r\u00fc\u015fmeler ger\u00e7ekle\u015ftiren \u0130ran, \u00d6zbekistan, Azerbaycan heyetleri Tar\u0131msal ihracat i\u00e7in d\u00fc\u011fmeye bast\u0131lar. Amerika\u2019dan Finlandiya\u2019ya, Hindistan\u2019dan Japonya\u2019ya kadar d\u00fcnyan\u0131n farkl\u0131 b\u00f6lgelerinden ziyaret\u00e7iler Growtech Eurasia\u2019da bulu\u015furken Fuar kat\u0131l\u0131mc\u0131lar\u0131 da en yetkili karar vericiler ile geni\u015f bir m\u00fc\u015fteri kitlesine ula\u015f\u0131yor. 40 ki\u015filik heyetle Growtech Erasia Fuar\u0131na \u00e7\u0131karma yapan \u0130ran, bu y\u0131l T\u00fcrk \u00fcreticilerin ciddi ihracat bekledi\u011fi \u00fclkeler aras\u0131nda yer al\u0131yor.<\/p>\n","protected":false},"excerpt":{"rendered":"<p>11. Growtech Eurasia Fuar\u0131\u2019n\u0131n a\u00e7\u0131l\u0131\u015f\u0131n\u0131 G\u0131da, Tar\u0131m ve Hayvanc\u0131l\u0131k Bakan\u0131 Mehmet Mehdi Eker, Kuzey K\u0131br\u0131s T\u00fcrk Cumhuriyeti Tar\u0131m ve Do\u011fal Kaynaklar Bakan\u0131 Ali \u00c7etin Amcao\u011flu ile birlikte yapt\u0131. A\u00e7\u0131l\u0131\u015f t\u00f6renine,&hellip;<\/p>\n","protected":false},"author":1,"featured_media":0,"comment_status":"open","ping_status":"open","sticky":false,"template":"","format":"standard","meta":{"footnotes":""},"categories":[2],"tags":[3235],"class_list":["post-3664","post","type-post","status-publish","format-standard","hentry","category-tarimgentr","tag-http-www-tarim2023-com-haberler-ilk-turk-portakali-93305-html"],"_links":{"self":[{"href":"https:\/\/tarimhaber.com\/index.php?rest_route=\/wp\/v2\/posts\/3664","targetHints":{"allow":["GET"]}}],"collection":[{"href":"https:\/\/tarimhaber.com\/index.php?rest_route=\/wp\/v2\/posts"}],"about":[{"href":"https:\/\/tarimhaber.com\/index.php?rest_route=\/wp\/v2\/types\/post"}],"author":[{"embeddable":true,"href":"https:\/\/tarimhaber.com\/index.php?rest_route=\/wp\/v2\/users\/1"}],"replies":[{"embeddable":true,"href":"https:\/\/tarimhaber.com\/index.php?rest_route=%2Fwp%2Fv2%2Fcomments&post=3664"}],"version-history":[{"count":0,"href":"https:\/\/tarimhaber.com\/index.php?rest_route=\/wp\/v2\/posts\/3664\/revisions"}],"wp:attachment":[{"href":"https:\/\/tarimhaber.com\/index.php?rest_route=%2Fwp%2Fv2%2Fmedia&parent=3664"}],"wp:term":[{"taxonomy":"category","embeddable":true,"href":"https:\/\/tarimhaber.com\/index.php?rest_route=%2Fwp%2Fv2%2Fcategories&post=3664"},{"taxonomy":"post_tag","embeddable":true,"href":"https:\/\/tarimhaber.com\/index.php?rest_route=%2Fwp%2Fv2%2Ftags&post=3664"}],"curies":[{"name":"wp","href":"https:\/\/api.w.org\/{rel}","templated":true}]}}