{"id":3680,"date":"2011-12-06T16:10:30","date_gmt":"2011-12-06T16:10:30","guid":{"rendered":"http:\/\/tarimhaber.com\/?p=3680"},"modified":"2011-12-06T16:10:30","modified_gmt":"2011-12-06T16:10:30","slug":"yabanci-dil-bilene-istihdam-sozu","status":"publish","type":"post","link":"https:\/\/tarimhaber.com\/?p=3680","title":{"rendered":"Yabanc\u0131 dil bilene, istihdam s\u00f6z\u00fc"},"content":{"rendered":"<p>G\u0131da Tar\u0131m ve Hayvanc\u0131l\u0131k Bakanl\u0131\u011f\u0131 M\u00fcste\u015far\u0131 Vedat Mirmahmuto\u011fullar\u0131, Ziraat Fak\u00fcltesi Dekanlar\u0131 ile bir araya geldi. Ziraat Fak\u00fcltelerindeki yabanc\u0131 dil e\u011fitimi sorununun \u00e7\u00f6z\u00fclmesini isteyen M\u00fcste\u015far Mirmahmuto\u011fullar\u0131, fak\u00fclte dekanlar\u0131na \u2018Siz yabanc\u0131 dil sorununu \u00e7\u00f6z\u00fcn, biz istihdam s\u00f6z\u00fc verelim\u2019 dedi.<br \/>\nT\u00fcrk tar\u0131m\u0131n\u0131n geli\u015ftirilmesi ad\u0131na Zirai e\u011fitimin \u00f6nemine de\u011finen Mirmahmuto\u011fullar\u0131, daha donan\u0131ml\u0131 ziraat\u00e7\u0131lar yeti\u015ftirilmesi ad\u0131na neler yap\u0131labilece\u011fi konusunda Dekanlar\u0131n g\u00f6r\u00fc\u015flerini ald\u0131. Son y\u0131llarda ziraat fak\u00fcltelerinde verilen e\u011fitimin yetersiz kald\u0131\u011f\u0131na dikkat \u00e7eken M\u00fcste\u015far Mirmahmuto\u011fullar\u0131, bakanl\u0131k olarak fak\u00fclteler taraf\u0131ndan yap\u0131lan ara\u015ft\u0131rmalar\u0131 \u00f6nemsediklerini belirtti. Lisans ve doktora tezlerinin sekt\u00f6r\u00fcn ihtiya\u00e7lar\u0131 dikkate al\u0131narak kurumlarla i\u015fbirli\u011fi i\u00e7inde haz\u0131rlanmas\u0131 gerekti\u011fini anlatan Mirmahmuto\u011fullar\u0131, Ziraat Fak\u00fcltelerinden mezun olan gen\u00e7lerin G\u0131da Tar\u0131m ve Hayvanc\u0131l\u0131k Bakanl\u0131\u011f\u0131\u2019nda istihdam edilebilmesi i\u00e7in \u00f6zellikle yabanc\u0131 dil bilmesi gerekti\u011fi \u00fczerinde durdu.<\/p>\n","protected":false},"excerpt":{"rendered":"<p>G\u0131da Tar\u0131m ve Hayvanc\u0131l\u0131k Bakanl\u0131\u011f\u0131 M\u00fcste\u015far\u0131 Vedat Mirmahmuto\u011fullar\u0131, Ziraat Fak\u00fcltesi Dekanlar\u0131 ile bir araya geldi. Ziraat Fak\u00fcltelerindeki yabanc\u0131 dil e\u011fitimi sorununun \u00e7\u00f6z\u00fclmesini isteyen M\u00fcste\u015far Mirmahmuto\u011fullar\u0131, fak\u00fclte dekanlar\u0131na \u2018Siz yabanc\u0131 dil&hellip;<\/p>\n","protected":false},"author":1,"featured_media":0,"comment_status":"open","ping_status":"open","sticky":false,"template":"","format":"standard","meta":{"footnotes":""},"categories":[2],"tags":[3250],"class_list":["post-3680","post","type-post","status-publish","format-standard","hentry","category-tarimgentr","tag-http-www-tarimtv-gov-tr-hd702_yabanci-dil-bilene-istihdam-sozu-html"],"_links":{"self":[{"href":"https:\/\/tarimhaber.com\/index.php?rest_route=\/wp\/v2\/posts\/3680","targetHints":{"allow":["GET"]}}],"collection":[{"href":"https:\/\/tarimhaber.com\/index.php?rest_route=\/wp\/v2\/posts"}],"about":[{"href":"https:\/\/tarimhaber.com\/index.php?rest_route=\/wp\/v2\/types\/post"}],"author":[{"embeddable":true,"href":"https:\/\/tarimhaber.com\/index.php?rest_route=\/wp\/v2\/users\/1"}],"replies":[{"embeddable":true,"href":"https:\/\/tarimhaber.com\/index.php?rest_route=%2Fwp%2Fv2%2Fcomments&post=3680"}],"version-history":[{"count":0,"href":"https:\/\/tarimhaber.com\/index.php?rest_route=\/wp\/v2\/posts\/3680\/revisions"}],"wp:attachment":[{"href":"https:\/\/tarimhaber.com\/index.php?rest_route=%2Fwp%2Fv2%2Fmedia&parent=3680"}],"wp:term":[{"taxonomy":"category","embeddable":true,"href":"https:\/\/tarimhaber.com\/index.php?rest_route=%2Fwp%2Fv2%2Fcategories&post=3680"},{"taxonomy":"post_tag","embeddable":true,"href":"https:\/\/tarimhaber.com\/index.php?rest_route=%2Fwp%2Fv2%2Ftags&post=3680"}],"curies":[{"name":"wp","href":"https:\/\/api.w.org\/{rel}","templated":true}]}}