{"id":3681,"date":"2011-12-07T14:34:58","date_gmt":"2011-12-07T14:34:58","guid":{"rendered":"http:\/\/tarimhaber.com\/?p=3681"},"modified":"2011-12-07T14:34:58","modified_gmt":"2011-12-07T14:34:58","slug":"margarin-50-yil-sonra-zeytinyaginin-elini-optu","status":"publish","type":"post","link":"https:\/\/tarimhaber.com\/?p=3681","title":{"rendered":"\u2019Margarin, 50 Y\u0131l Sonra Zeytinya\u011f\u0131n\u0131n Elini \u00d6pt\u00fc\u2019"},"content":{"rendered":"<p>Zeytinya\u011f\u0131 \u00fcretimi ve t\u00fcketiminin margarinin T\u00fcrkiye\u2019ye girdi\u011fi 1950\u2019li y\u0131llardan bu yana bask\u0131 alt\u0131nda oldu\u011funu \u00f6ne s\u00fcren Tari\u015f Zeytin ve Zeytinya\u011f\u0131 Tar\u0131m Sat\u0131\u015f Kooperatifleri Birli\u011fi Y\u00f6netim Kurulu Ba\u015fkan\u0131 Cahit \u00c7etin, &#8220;50 y\u0131l sonra margarin &#8230;<\/p>\n","protected":false},"excerpt":{"rendered":"<p>Zeytinya\u011f\u0131 \u00fcretimi ve t\u00fcketiminin margarinin T\u00fcrkiye\u2019ye girdi\u011fi 1950\u2019li y\u0131llardan bu yana bask\u0131 alt\u0131nda oldu\u011funu \u00f6ne s\u00fcren Tari\u015f Zeytin ve Zeytinya\u011f\u0131 Tar\u0131m Sat\u0131\u015f Kooperatifleri Birli\u011fi Y\u00f6netim Kurulu Ba\u015fkan\u0131 Cahit \u00c7etin, &#8220;50&hellip;<\/p>\n","protected":false},"author":1,"featured_media":0,"comment_status":"open","ping_status":"open","sticky":false,"template":"","format":"standard","meta":{"footnotes":""},"categories":[2],"tags":[1772],"class_list":["post-3681","post","type-post","status-publish","format-standard","hentry","category-tarimgentr","tag-http-www-haberler-com-margarin-50-yil-sonra-zeytinyaginin-elini-optu-3175377-haberi"],"_links":{"self":[{"href":"https:\/\/tarimhaber.com\/index.php?rest_route=\/wp\/v2\/posts\/3681","targetHints":{"allow":["GET"]}}],"collection":[{"href":"https:\/\/tarimhaber.com\/index.php?rest_route=\/wp\/v2\/posts"}],"about":[{"href":"https:\/\/tarimhaber.com\/index.php?rest_route=\/wp\/v2\/types\/post"}],"author":[{"embeddable":true,"href":"https:\/\/tarimhaber.com\/index.php?rest_route=\/wp\/v2\/users\/1"}],"replies":[{"embeddable":true,"href":"https:\/\/tarimhaber.com\/index.php?rest_route=%2Fwp%2Fv2%2Fcomments&post=3681"}],"version-history":[{"count":0,"href":"https:\/\/tarimhaber.com\/index.php?rest_route=\/wp\/v2\/posts\/3681\/revisions"}],"wp:attachment":[{"href":"https:\/\/tarimhaber.com\/index.php?rest_route=%2Fwp%2Fv2%2Fmedia&parent=3681"}],"wp:term":[{"taxonomy":"category","embeddable":true,"href":"https:\/\/tarimhaber.com\/index.php?rest_route=%2Fwp%2Fv2%2Fcategories&post=3681"},{"taxonomy":"post_tag","embeddable":true,"href":"https:\/\/tarimhaber.com\/index.php?rest_route=%2Fwp%2Fv2%2Ftags&post=3681"}],"curies":[{"name":"wp","href":"https:\/\/api.w.org\/{rel}","templated":true}]}}