{"id":3697,"date":"2011-12-16T06:46:20","date_gmt":"2011-12-16T06:46:20","guid":{"rendered":"http:\/\/tarimhaber.com\/?p=3697"},"modified":"2011-12-16T06:46:20","modified_gmt":"2011-12-16T06:46:20","slug":"issizlik-10-yilin-en-dusugune-indi","status":"publish","type":"post","link":"https:\/\/tarimhaber.com\/?p=3697","title":{"rendered":"\u0130\u015fsizlik 10 y\u0131l\u0131n en d\u00fc\u015f\u00fc\u011f\u00fcne indi"},"content":{"rendered":"<p>\u00d6zellikle tar\u0131m d\u0131\u015f\u0131 i\u015fsizlikteki azal\u0131\u015f dikkat \u00e7ekici&#8230; Tar\u0131m d\u0131\u015f\u0131 i\u015fsizlik oran\u0131 tam 3 puan geriledi \u0130\u015fsizlik ve mevsimsellikten ar\u0131nd\u0131r\u0131lm\u0131\u015f i\u015fsizlik oran\u0131 eyl\u00fclde ge\u00e7en y\u0131l\u0131n ayn\u0131 d\u00f6nemine g\u00f6re 2.5 puan gerilerken, Temmuz-A\u011fustos-Eyl\u00fcl d\u00f6nemine &#8230;<\/p>\n","protected":false},"excerpt":{"rendered":"<p>\u00d6zellikle tar\u0131m d\u0131\u015f\u0131 i\u015fsizlikteki azal\u0131\u015f dikkat \u00e7ekici&#8230; Tar\u0131m d\u0131\u015f\u0131 i\u015fsizlik oran\u0131 tam 3 puan geriledi \u0130\u015fsizlik ve mevsimsellikten ar\u0131nd\u0131r\u0131lm\u0131\u015f i\u015fsizlik oran\u0131 eyl\u00fclde ge\u00e7en y\u0131l\u0131n ayn\u0131 d\u00f6nemine g\u00f6re 2.5 puan gerilerken,&hellip;<\/p>\n","protected":false},"author":1,"featured_media":0,"comment_status":"open","ping_status":"open","sticky":false,"template":"","format":"standard","meta":{"footnotes":""},"categories":[2],"tags":[531],"class_list":["post-3697","post","type-post","status-publish","format-standard","hentry","category-tarimgentr","tag-http-www-aksam-com-tr-issizlik-10-yilin-en-dusugune-indi-85711h-html"],"_links":{"self":[{"href":"https:\/\/tarimhaber.com\/index.php?rest_route=\/wp\/v2\/posts\/3697","targetHints":{"allow":["GET"]}}],"collection":[{"href":"https:\/\/tarimhaber.com\/index.php?rest_route=\/wp\/v2\/posts"}],"about":[{"href":"https:\/\/tarimhaber.com\/index.php?rest_route=\/wp\/v2\/types\/post"}],"author":[{"embeddable":true,"href":"https:\/\/tarimhaber.com\/index.php?rest_route=\/wp\/v2\/users\/1"}],"replies":[{"embeddable":true,"href":"https:\/\/tarimhaber.com\/index.php?rest_route=%2Fwp%2Fv2%2Fcomments&post=3697"}],"version-history":[{"count":0,"href":"https:\/\/tarimhaber.com\/index.php?rest_route=\/wp\/v2\/posts\/3697\/revisions"}],"wp:attachment":[{"href":"https:\/\/tarimhaber.com\/index.php?rest_route=%2Fwp%2Fv2%2Fmedia&parent=3697"}],"wp:term":[{"taxonomy":"category","embeddable":true,"href":"https:\/\/tarimhaber.com\/index.php?rest_route=%2Fwp%2Fv2%2Fcategories&post=3697"},{"taxonomy":"post_tag","embeddable":true,"href":"https:\/\/tarimhaber.com\/index.php?rest_route=%2Fwp%2Fv2%2Ftags&post=3697"}],"curies":[{"name":"wp","href":"https:\/\/api.w.org\/{rel}","templated":true}]}}