{"id":3706,"date":"2011-12-17T23:31:05","date_gmt":"2011-12-17T23:31:05","guid":{"rendered":"http:\/\/tarimhaber.com\/?p=3706"},"modified":"2011-12-17T23:31:05","modified_gmt":"2011-12-17T23:31:05","slug":"trt-anadolu-tv-bu-topragin-sesi-anamurdan-canli-yayin-yapacak","status":"publish","type":"post","link":"https:\/\/tarimhaber.com\/?p=3706","title":{"rendered":"TRT Anadolu TV Bu Topra\u011f\u0131n Sesi Anamur\u2019dan canl\u0131 yay\u0131n yapacak."},"content":{"rendered":"<p>TRT Anadolu TV Anamur\u2019dan canl\u0131 yay\u0131n yapacak.<\/p>\n<p>19 Aral\u0131k 2011 pazartesi g\u00fcn\u00fc muz konusunda, 20 Aral\u0131k Sal\u0131 g\u00fcn\u00fc \u00c7ilek konusunda yap\u0131lacak olan canl\u0131 yay\u0131n sabah saat 8.30-9.45 aras\u0131nda ger\u00e7ekle\u015fecek.<\/p>\n<p>TRT Bu Topra\u011f\u0131n Sesi ekibi taraf\u0131ndan canl\u0131 yay\u0131nlanacak olan muz pro\u011fram\u0131 \u00d6ren Beldesinde Haydar K\u0131l\u0131\u00e7 muz seras\u0131nda, \u00c7ilek konulu pro\u011fram da \u0130skele meydan\u0131nda ger\u00e7ekle\u015fecek.<\/p>\n<p>Konu\u015fmac\u0131lar\u0131n yan\u0131s\u0131ra muz ve \u00e7ilek \u00fcreticilerinin de g\u00f6r\u00fc\u015flerini dile getirebilece\u011fi pro\u011frama b\u00fct\u00fcn Anamur lular, \u00e7ilek ve muz \u00fcreticileri sabah saat 8.den itibaren kat\u0131labilir ve TRT Anadolu dan izleyebilirler.<\/p>\n","protected":false},"excerpt":{"rendered":"<p>TRT Anadolu TV Anamur\u2019dan canl\u0131 yay\u0131n yapacak. 19 Aral\u0131k 2011 pazartesi g\u00fcn\u00fc muz konusunda, 20 Aral\u0131k Sal\u0131 g\u00fcn\u00fc \u00c7ilek konusunda yap\u0131lacak olan canl\u0131 yay\u0131n sabah saat 8.30-9.45 aras\u0131nda ger\u00e7ekle\u015fecek. TRT&hellip;<\/p>\n","protected":false},"author":1,"featured_media":0,"comment_status":"open","ping_status":"open","sticky":false,"template":"","format":"standard","meta":{"footnotes":""},"categories":[2],"tags":[],"class_list":["post-3706","post","type-post","status-publish","format-standard","hentry","category-tarimgentr"],"_links":{"self":[{"href":"https:\/\/tarimhaber.com\/index.php?rest_route=\/wp\/v2\/posts\/3706","targetHints":{"allow":["GET"]}}],"collection":[{"href":"https:\/\/tarimhaber.com\/index.php?rest_route=\/wp\/v2\/posts"}],"about":[{"href":"https:\/\/tarimhaber.com\/index.php?rest_route=\/wp\/v2\/types\/post"}],"author":[{"embeddable":true,"href":"https:\/\/tarimhaber.com\/index.php?rest_route=\/wp\/v2\/users\/1"}],"replies":[{"embeddable":true,"href":"https:\/\/tarimhaber.com\/index.php?rest_route=%2Fwp%2Fv2%2Fcomments&post=3706"}],"version-history":[{"count":0,"href":"https:\/\/tarimhaber.com\/index.php?rest_route=\/wp\/v2\/posts\/3706\/revisions"}],"wp:attachment":[{"href":"https:\/\/tarimhaber.com\/index.php?rest_route=%2Fwp%2Fv2%2Fmedia&parent=3706"}],"wp:term":[{"taxonomy":"category","embeddable":true,"href":"https:\/\/tarimhaber.com\/index.php?rest_route=%2Fwp%2Fv2%2Fcategories&post=3706"},{"taxonomy":"post_tag","embeddable":true,"href":"https:\/\/tarimhaber.com\/index.php?rest_route=%2Fwp%2Fv2%2Ftags&post=3706"}],"curies":[{"name":"wp","href":"https:\/\/api.w.org\/{rel}","templated":true}]}}