{"id":3734,"date":"2011-12-31T15:24:49","date_gmt":"2011-12-31T15:24:49","guid":{"rendered":"http:\/\/tarimhaber.com\/?p=3734"},"modified":"2011-12-31T15:24:49","modified_gmt":"2011-12-31T15:24:49","slug":"turkiyenin-ilk-tarim-universitesi-malatyada-kuruluyor","status":"publish","type":"post","link":"https:\/\/tarimhaber.com\/?p=3734","title":{"rendered":"T\u00fcrkiye\u2019nin \u0130lk Tar\u0131m \u00dcniversitesi Malatya\u2019da Kuruluyor"},"content":{"rendered":"<p>AK Parti Malatya Milletvekili ve TBMM Sanayi, Ticaret, Enerji, Tabii Kaynaklar Bilgi ve Teknoloji Komisyonu Ba\u015fkan\u0131 M\u00fccahit F\u0131nd\u0131kl\u0131, T\u00fcrkiye\u2019nin ilk tar\u0131m \u00fcniversitesinin Battalgazi il\u00e7esindeki Ta\u00e7an Kampusu\u2019na kurulmas\u0131 i\u00e7in \u00e7al\u0131\u015fmalar\u0131n olumlu gitti\u011fini s\u00f6yledi. &#8220;T\u00fcrkiye\u2019nin tar\u0131m alan\u0131nda, tekno tar\u0131m alan\u0131nda bir butik \u00fcniversitesi olmas\u0131 ve T\u00fcrkiye\u2019nin tar\u0131m\u0131na, T\u00fcrkiye\u2019de y\u0131ld\u0131z olabilecek bir Tar\u0131m Ara\u015ft\u0131rmalar \u00dcniversitesi\u2019ni Battalgazi\u2019de olu\u015fturmak istiyoruz. Bunun i\u00e7in Tar\u0131m Bakan\u0131m\u0131z ile uzun g\u00f6r\u00fc\u015ft\u00fck. bu konuda Tar\u0131m Bakan\u0131m\u0131zdan destek ald\u0131k.&#8221; dedi.<\/p>\n","protected":false},"excerpt":{"rendered":"<p>AK Parti Malatya Milletvekili ve TBMM Sanayi, Ticaret, Enerji, Tabii Kaynaklar Bilgi ve Teknoloji Komisyonu Ba\u015fkan\u0131 M\u00fccahit F\u0131nd\u0131kl\u0131, T\u00fcrkiye\u2019nin ilk tar\u0131m \u00fcniversitesinin Battalgazi il\u00e7esindeki Ta\u00e7an Kampusu\u2019na kurulmas\u0131 i\u00e7in \u00e7al\u0131\u015fmalar\u0131n olumlu&hellip;<\/p>\n","protected":false},"author":1,"featured_media":3735,"comment_status":"open","ping_status":"open","sticky":false,"template":"","format":"standard","meta":{"footnotes":""},"categories":[2],"tags":[1218],"class_list":["post-3734","post","type-post","status-publish","format-standard","has-post-thumbnail","hentry","category-tarimgentr","tag-http-www-haberciniz-biz-turkiyenin-ilk-tarim-universitesi-malatyada-kuruluyor-1238374h-htm"],"_links":{"self":[{"href":"https:\/\/tarimhaber.com\/index.php?rest_route=\/wp\/v2\/posts\/3734","targetHints":{"allow":["GET"]}}],"collection":[{"href":"https:\/\/tarimhaber.com\/index.php?rest_route=\/wp\/v2\/posts"}],"about":[{"href":"https:\/\/tarimhaber.com\/index.php?rest_route=\/wp\/v2\/types\/post"}],"author":[{"embeddable":true,"href":"https:\/\/tarimhaber.com\/index.php?rest_route=\/wp\/v2\/users\/1"}],"replies":[{"embeddable":true,"href":"https:\/\/tarimhaber.com\/index.php?rest_route=%2Fwp%2Fv2%2Fcomments&post=3734"}],"version-history":[{"count":0,"href":"https:\/\/tarimhaber.com\/index.php?rest_route=\/wp\/v2\/posts\/3734\/revisions"}],"wp:featuredmedia":[{"embeddable":true,"href":"https:\/\/tarimhaber.com\/index.php?rest_route=\/"}],"wp:attachment":[{"href":"https:\/\/tarimhaber.com\/index.php?rest_route=%2Fwp%2Fv2%2Fmedia&parent=3734"}],"wp:term":[{"taxonomy":"category","embeddable":true,"href":"https:\/\/tarimhaber.com\/index.php?rest_route=%2Fwp%2Fv2%2Fcategories&post=3734"},{"taxonomy":"post_tag","embeddable":true,"href":"https:\/\/tarimhaber.com\/index.php?rest_route=%2Fwp%2Fv2%2Ftags&post=3734"}],"curies":[{"name":"wp","href":"https:\/\/api.w.org\/{rel}","templated":true}]}}