{"id":3743,"date":"2012-01-02T22:50:19","date_gmt":"2012-01-02T22:50:19","guid":{"rendered":"http:\/\/tarimhaber.com\/?p=3743"},"modified":"2012-01-02T22:50:19","modified_gmt":"2012-01-02T22:50:19","slug":"savastepede-koylulere-uzum-fidani-dagitildi","status":"publish","type":"post","link":"https:\/\/tarimhaber.com\/?p=3743","title":{"rendered":"Sava\u015ftepe\u2019de K\u00f6yl\u00fclere \u00dcz\u00fcm Fidan\u0131 Da\u011f\u0131t\u0131ld\u0131"},"content":{"rendered":"<p>Sava\u015ftepe K\u00f6ylere Hizmet G\u00f6t\u00fcrme Birli\u011fi ve Sava\u015ftepe Tar\u0131m \u0130l\u00e7e M\u00fcd\u00fcrl\u00fc\u011f\u00fcn\u00fcn ortakla\u015fa d\u00fczenledi\u011fi Kalem K\u00f6y\u2019de ba\u011f \u00fcretimini geli\u015ftirme projesi kapsam\u0131nda k\u00f6yl\u00fclere \u00fcz\u00fcm fidan\u0131 da\u011f\u0131t\u0131ld\u0131. Kalem K\u00f6ydeki fidan da\u011f\u0131t\u0131m t\u00f6renine, Sava\u015ftepe Kaymakam\u0131 &#8230;<\/p>\n","protected":false},"excerpt":{"rendered":"<p>Sava\u015ftepe K\u00f6ylere Hizmet G\u00f6t\u00fcrme Birli\u011fi ve Sava\u015ftepe Tar\u0131m \u0130l\u00e7e M\u00fcd\u00fcrl\u00fc\u011f\u00fcn\u00fcn ortakla\u015fa d\u00fczenledi\u011fi Kalem K\u00f6y\u2019de ba\u011f \u00fcretimini geli\u015ftirme projesi kapsam\u0131nda k\u00f6yl\u00fclere \u00fcz\u00fcm fidan\u0131 da\u011f\u0131t\u0131ld\u0131. Kalem K\u00f6ydeki fidan da\u011f\u0131t\u0131m t\u00f6renine, Sava\u015ftepe Kaymakam\u0131&hellip;<\/p>\n","protected":false},"author":1,"featured_media":0,"comment_status":"open","ping_status":"open","sticky":false,"template":"","format":"standard","meta":{"footnotes":""},"categories":[2],"tags":[2818],"class_list":["post-3743","post","type-post","status-publish","format-standard","hentry","category-tarimgentr","tag-http-www-nevsehirmedya-com-savastepede-koylulere-uzum-fidani-dagitildi-198982h-htm"],"_links":{"self":[{"href":"https:\/\/tarimhaber.com\/index.php?rest_route=\/wp\/v2\/posts\/3743","targetHints":{"allow":["GET"]}}],"collection":[{"href":"https:\/\/tarimhaber.com\/index.php?rest_route=\/wp\/v2\/posts"}],"about":[{"href":"https:\/\/tarimhaber.com\/index.php?rest_route=\/wp\/v2\/types\/post"}],"author":[{"embeddable":true,"href":"https:\/\/tarimhaber.com\/index.php?rest_route=\/wp\/v2\/users\/1"}],"replies":[{"embeddable":true,"href":"https:\/\/tarimhaber.com\/index.php?rest_route=%2Fwp%2Fv2%2Fcomments&post=3743"}],"version-history":[{"count":0,"href":"https:\/\/tarimhaber.com\/index.php?rest_route=\/wp\/v2\/posts\/3743\/revisions"}],"wp:attachment":[{"href":"https:\/\/tarimhaber.com\/index.php?rest_route=%2Fwp%2Fv2%2Fmedia&parent=3743"}],"wp:term":[{"taxonomy":"category","embeddable":true,"href":"https:\/\/tarimhaber.com\/index.php?rest_route=%2Fwp%2Fv2%2Fcategories&post=3743"},{"taxonomy":"post_tag","embeddable":true,"href":"https:\/\/tarimhaber.com\/index.php?rest_route=%2Fwp%2Fv2%2Ftags&post=3743"}],"curies":[{"name":"wp","href":"https:\/\/api.w.org\/{rel}","templated":true}]}}