{"id":3770,"date":"2012-01-13T01:54:56","date_gmt":"2012-01-13T01:54:56","guid":{"rendered":"http:\/\/tarimhaber.com\/?p=3770"},"modified":"2012-01-13T01:54:56","modified_gmt":"2012-01-13T01:54:56","slug":"gidada-yeni-donem","status":"publish","type":"post","link":"https:\/\/tarimhaber.com\/?p=3770","title":{"rendered":"G\u0131dada yeni d\u00f6nem"},"content":{"rendered":"<p>G\u0131da, Tar\u0131m ve Hayvanc\u0131l\u0131k Bakan\u0131 Mehdi Eker, t\u00fcketici sa\u011fl\u0131\u011f\u0131n\u0131 tehlikeye d\u00fc\u015f\u00fcrecek firmalar\u0131n bakanl\u0131k taraf\u0131ndan kamuoyuna a\u00e7\u0131klanaca\u011f\u0131n\u0131 duyurdu. Bunun de\u015fifre ama\u00e7l\u0131 olmad\u0131\u011f\u0131n\u0131 vurgulayan Eker, &#8220;Amac\u0131m\u0131z iyi ve k\u00f6t\u00fcy\u00fc birbirinden ay\u0131rt etmek ve sa\u011fl\u0131kl\u0131 \u00fcretim yapan firmay\u0131 \u00f6d\u00fcllendirmek&#8221; dedi.<br \/>\nBakan Eker, T\u00fcrkiye\u2019deki g\u0131da g\u00fcvenli\u011fi ile ilgili 102 yeni y\u00f6netmelikle toplum sa\u011fl\u0131\u011f\u0131n\u0131 inceleyen bir sisteme ge\u00e7tiklerini belirterek, bu sistemin i\u00e7inde t\u00fcketici sa\u011fl\u0131\u011f\u0131n\u0131 tehlikeye d\u00fc\u015f\u00fcrecek \u015fekilde \u00fcretim yapan firmalar\u0131n kamuoyuna duyurulmas\u0131 da oldu\u011funu belirtti.<\/p>\n","protected":false},"excerpt":{"rendered":"<p>G\u0131da, Tar\u0131m ve Hayvanc\u0131l\u0131k Bakan\u0131 Mehdi Eker, t\u00fcketici sa\u011fl\u0131\u011f\u0131n\u0131 tehlikeye d\u00fc\u015f\u00fcrecek firmalar\u0131n bakanl\u0131k taraf\u0131ndan kamuoyuna a\u00e7\u0131klanaca\u011f\u0131n\u0131 duyurdu. Bunun de\u015fifre ama\u00e7l\u0131 olmad\u0131\u011f\u0131n\u0131 vurgulayan Eker, &#8220;Amac\u0131m\u0131z iyi ve k\u00f6t\u00fcy\u00fc birbirinden ay\u0131rt etmek&hellip;<\/p>\n","protected":false},"author":1,"featured_media":0,"comment_status":"open","ping_status":"open","sticky":false,"template":"","format":"standard","meta":{"footnotes":""},"categories":[2],"tags":[3602],"class_list":["post-3770","post","type-post","status-publish","format-standard","hentry","category-tarimgentr","tag-http-yenisafak-com-tr-ekonomi-t13-01-2012i361959"],"_links":{"self":[{"href":"https:\/\/tarimhaber.com\/index.php?rest_route=\/wp\/v2\/posts\/3770","targetHints":{"allow":["GET"]}}],"collection":[{"href":"https:\/\/tarimhaber.com\/index.php?rest_route=\/wp\/v2\/posts"}],"about":[{"href":"https:\/\/tarimhaber.com\/index.php?rest_route=\/wp\/v2\/types\/post"}],"author":[{"embeddable":true,"href":"https:\/\/tarimhaber.com\/index.php?rest_route=\/wp\/v2\/users\/1"}],"replies":[{"embeddable":true,"href":"https:\/\/tarimhaber.com\/index.php?rest_route=%2Fwp%2Fv2%2Fcomments&post=3770"}],"version-history":[{"count":0,"href":"https:\/\/tarimhaber.com\/index.php?rest_route=\/wp\/v2\/posts\/3770\/revisions"}],"wp:attachment":[{"href":"https:\/\/tarimhaber.com\/index.php?rest_route=%2Fwp%2Fv2%2Fmedia&parent=3770"}],"wp:term":[{"taxonomy":"category","embeddable":true,"href":"https:\/\/tarimhaber.com\/index.php?rest_route=%2Fwp%2Fv2%2Fcategories&post=3770"},{"taxonomy":"post_tag","embeddable":true,"href":"https:\/\/tarimhaber.com\/index.php?rest_route=%2Fwp%2Fv2%2Ftags&post=3770"}],"curies":[{"name":"wp","href":"https:\/\/api.w.org\/{rel}","templated":true}]}}