{"id":3772,"date":"2012-01-13T01:30:32","date_gmt":"2012-01-13T01:30:32","guid":{"rendered":"http:\/\/tarimhaber.com\/?p=3772"},"modified":"2012-01-13T01:30:32","modified_gmt":"2012-01-13T01:30:32","slug":"bayraktar-ustalik-donemime-hazirim","status":"publish","type":"post","link":"https:\/\/tarimhaber.com\/?p=3772","title":{"rendered":"BAYRAKTAR, \u2019USTALIK D\u00d6NEM\u0130ME HAZIRIM\u2019"},"content":{"rendered":"<p>F\u0131nd\u0131k Tar\u0131m Sat\u0131\u015f Kooperatifleri Birli\u011fi (F\u0130SKOB\u0130RL\u0130K) Y\u00f6netim Kurulu Ba\u015fkan\u0131 L\u00fctf\u00fc Bayraktar yar\u0131n yap\u0131lacak olan kongre \u00f6ncesinde Ba\u015fbakan Recep Tayyip Erdo\u011fan ile g\u00f6r\u00fc\u015ferek tam destek ald\u0131. Bayraktar, Sal\u0131 g\u00fcn\u00fc TBMM\u2019de yap\u0131lan Ak Parti Grup &#8230;<\/p>\n","protected":false},"excerpt":{"rendered":"<p>F\u0131nd\u0131k Tar\u0131m Sat\u0131\u015f Kooperatifleri Birli\u011fi (F\u0130SKOB\u0130RL\u0130K) Y\u00f6netim Kurulu Ba\u015fkan\u0131 L\u00fctf\u00fc Bayraktar yar\u0131n yap\u0131lacak olan kongre \u00f6ncesinde Ba\u015fbakan Recep Tayyip Erdo\u011fan ile g\u00f6r\u00fc\u015ferek tam destek ald\u0131. Bayraktar, Sal\u0131 g\u00fcn\u00fc TBMM\u2019de yap\u0131lan&hellip;<\/p>\n","protected":false},"author":1,"featured_media":0,"comment_status":"open","ping_status":"open","sticky":false,"template":"","format":"standard","meta":{"footnotes":""},"categories":[2],"tags":[1013],"class_list":["post-3772","post","type-post","status-publish","format-standard","hentry","category-tarimgentr","tag-http-www-giresungazete-net-haber_detay-asphaberid19482"],"_links":{"self":[{"href":"https:\/\/tarimhaber.com\/index.php?rest_route=\/wp\/v2\/posts\/3772","targetHints":{"allow":["GET"]}}],"collection":[{"href":"https:\/\/tarimhaber.com\/index.php?rest_route=\/wp\/v2\/posts"}],"about":[{"href":"https:\/\/tarimhaber.com\/index.php?rest_route=\/wp\/v2\/types\/post"}],"author":[{"embeddable":true,"href":"https:\/\/tarimhaber.com\/index.php?rest_route=\/wp\/v2\/users\/1"}],"replies":[{"embeddable":true,"href":"https:\/\/tarimhaber.com\/index.php?rest_route=%2Fwp%2Fv2%2Fcomments&post=3772"}],"version-history":[{"count":0,"href":"https:\/\/tarimhaber.com\/index.php?rest_route=\/wp\/v2\/posts\/3772\/revisions"}],"wp:attachment":[{"href":"https:\/\/tarimhaber.com\/index.php?rest_route=%2Fwp%2Fv2%2Fmedia&parent=3772"}],"wp:term":[{"taxonomy":"category","embeddable":true,"href":"https:\/\/tarimhaber.com\/index.php?rest_route=%2Fwp%2Fv2%2Fcategories&post=3772"},{"taxonomy":"post_tag","embeddable":true,"href":"https:\/\/tarimhaber.com\/index.php?rest_route=%2Fwp%2Fv2%2Ftags&post=3772"}],"curies":[{"name":"wp","href":"https:\/\/api.w.org\/{rel}","templated":true}]}}