{"id":3805,"date":"2012-02-03T02:09:05","date_gmt":"2012-02-03T02:09:05","guid":{"rendered":"http:\/\/tarimhaber.com\/?p=3805"},"modified":"2012-02-03T02:09:05","modified_gmt":"2012-02-03T02:09:05","slug":"nallihanda-tarima-dayali-sanayi-projelerle-gelisecek","status":"publish","type":"post","link":"https:\/\/tarimhaber.com\/?p=3805","title":{"rendered":"Nall\u0131han\u2019da Tar\u0131ma Dayal\u0131 Sanayi Projelerle Geli\u015fecek"},"content":{"rendered":"<p>Ankara\u2019n\u0131n Nall\u0131han il\u00e7esinde tar\u0131ma dayal\u0131 sanayinin projelerle geli\u015febilece\u011fi belirtildi. Nall\u0131han\u2019da tar\u0131msal ama\u00e7l\u0131 kooperatiflerin kurulmas\u0131yla ilgili konunun taraflar\u0131n\u0131n da kat\u0131ld\u0131\u011f\u0131 bir toplant\u0131 yap\u0131ld\u0131. Nall\u0131han Ayhan S\u00fcmer K\u00fclt\u00fcr Merkezi\u2019nde yap\u0131lan toplant\u0131ya Ankara \u0130l G\u0131da, Tar\u0131m ve Hayvanc\u0131l\u0131k M\u00fcd\u00fcr\u00fc Muhsin Temel, Nall\u0131han Kaymakam\u0131 \u0130smail Altan Demirayak, Nall\u0131han Belediye Ba\u015fkan\u0131 A. Adnan Okur, \u00c7ay\u0131rhan Belediye Ba\u015fkan\u0131 \u00d6mer Toprak \u0130l\u00e7e Tar\u0131m M\u00fcd\u00fcr\u00fc Murat G\u00fcr, Ziraat Odas\u0131 Ba\u015fkan\u0131 G\u00fcnay \u00c7evik, Nall\u0131han ve \u00c7evre Tar\u0131m Kredi Kooperatif ba\u015fkanlar\u0131 ve k\u00f6y muhtarlar\u0131 kat\u0131ld\u0131.<\/p>\n","protected":false},"excerpt":{"rendered":"<p>Ankara\u2019n\u0131n Nall\u0131han il\u00e7esinde tar\u0131ma dayal\u0131 sanayinin projelerle geli\u015febilece\u011fi belirtildi. Nall\u0131han\u2019da tar\u0131msal ama\u00e7l\u0131 kooperatiflerin kurulmas\u0131yla ilgili konunun taraflar\u0131n\u0131n da kat\u0131ld\u0131\u011f\u0131 bir toplant\u0131 yap\u0131ld\u0131. Nall\u0131han Ayhan S\u00fcmer K\u00fclt\u00fcr Merkezi\u2019nde yap\u0131lan toplant\u0131ya Ankara&hellip;<\/p>\n","protected":false},"author":1,"featured_media":0,"comment_status":"open","ping_status":"open","sticky":false,"template":"","format":"standard","meta":{"footnotes":""},"categories":[2],"tags":[1123],"class_list":["post-3805","post","type-post","status-publish","format-standard","hentry","category-tarimgentr","tag-http-www-haber50-com-nallihanda-tarimsal-amacli-kooperatiflerin-kurulmasiyla-ilgili-toplanti-yapildi-652190h-htm"],"_links":{"self":[{"href":"https:\/\/tarimhaber.com\/index.php?rest_route=\/wp\/v2\/posts\/3805","targetHints":{"allow":["GET"]}}],"collection":[{"href":"https:\/\/tarimhaber.com\/index.php?rest_route=\/wp\/v2\/posts"}],"about":[{"href":"https:\/\/tarimhaber.com\/index.php?rest_route=\/wp\/v2\/types\/post"}],"author":[{"embeddable":true,"href":"https:\/\/tarimhaber.com\/index.php?rest_route=\/wp\/v2\/users\/1"}],"replies":[{"embeddable":true,"href":"https:\/\/tarimhaber.com\/index.php?rest_route=%2Fwp%2Fv2%2Fcomments&post=3805"}],"version-history":[{"count":0,"href":"https:\/\/tarimhaber.com\/index.php?rest_route=\/wp\/v2\/posts\/3805\/revisions"}],"wp:attachment":[{"href":"https:\/\/tarimhaber.com\/index.php?rest_route=%2Fwp%2Fv2%2Fmedia&parent=3805"}],"wp:term":[{"taxonomy":"category","embeddable":true,"href":"https:\/\/tarimhaber.com\/index.php?rest_route=%2Fwp%2Fv2%2Fcategories&post=3805"},{"taxonomy":"post_tag","embeddable":true,"href":"https:\/\/tarimhaber.com\/index.php?rest_route=%2Fwp%2Fv2%2Ftags&post=3805"}],"curies":[{"name":"wp","href":"https:\/\/api.w.org\/{rel}","templated":true}]}}