{"id":3807,"date":"2012-02-04T12:06:02","date_gmt":"2012-02-04T12:06:02","guid":{"rendered":"http:\/\/tarimhaber.com\/?p=3807"},"modified":"2012-02-04T12:06:02","modified_gmt":"2012-02-04T12:06:02","slug":"ihracatci-ic-pazara-yoneldi","status":"publish","type":"post","link":"https:\/\/tarimhaber.com\/?p=3807","title":{"rendered":"\u0130hracat\u00e7\u0131 i\u00e7 pazara y\u00f6neldi"},"content":{"rendered":"<p>Yurdun b\u00fcy\u00fck bir b\u00f6l\u00fcm\u00fcn\u00fc etkisi alt\u0131na alan ya\u011f\u0131\u015fl\u0131, f\u0131rt\u0131nal\u0131 hava ko\u015fullar\u0131 tar\u0131m sekt\u00f6r\u00fcn\u00fc olumsuz y\u00f6nde etkiledi. Artan fiyatlar nedeniyle yurt d\u0131\u015f\u0131na sat\u0131\u015f yapamayan ihracat\u00e7\u0131 i\u00e7 pazara y\u00f6neldi. Ya\u011f\u0131\u015fl\u0131 havan\u0131n meyve sebze sekt\u00f6r\u00fcne ve ihracat\u0131na &#8230;<\/p>\n","protected":false},"excerpt":{"rendered":"<p>Yurdun b\u00fcy\u00fck bir b\u00f6l\u00fcm\u00fcn\u00fc etkisi alt\u0131na alan ya\u011f\u0131\u015fl\u0131, f\u0131rt\u0131nal\u0131 hava ko\u015fullar\u0131 tar\u0131m sekt\u00f6r\u00fcn\u00fc olumsuz y\u00f6nde etkiledi. Artan fiyatlar nedeniyle yurt d\u0131\u015f\u0131na sat\u0131\u015f yapamayan ihracat\u00e7\u0131 i\u00e7 pazara y\u00f6neldi. Ya\u011f\u0131\u015fl\u0131 havan\u0131n meyve&hellip;<\/p>\n","protected":false},"author":1,"featured_media":0,"comment_status":"open","ping_status":"open","sticky":false,"template":"","format":"standard","meta":{"footnotes":""},"categories":[2],"tags":[227],"class_list":["post-3807","post","type-post","status-publish","format-standard","hentry","category-tarimgentr","tag-http-ekonomi-milliyet-com-tr-ihracatci-ic-pazara-yoneldi-ekonomi-ekonomidetay-04-02-2012-1498044-default-htm"],"_links":{"self":[{"href":"https:\/\/tarimhaber.com\/index.php?rest_route=\/wp\/v2\/posts\/3807","targetHints":{"allow":["GET"]}}],"collection":[{"href":"https:\/\/tarimhaber.com\/index.php?rest_route=\/wp\/v2\/posts"}],"about":[{"href":"https:\/\/tarimhaber.com\/index.php?rest_route=\/wp\/v2\/types\/post"}],"author":[{"embeddable":true,"href":"https:\/\/tarimhaber.com\/index.php?rest_route=\/wp\/v2\/users\/1"}],"replies":[{"embeddable":true,"href":"https:\/\/tarimhaber.com\/index.php?rest_route=%2Fwp%2Fv2%2Fcomments&post=3807"}],"version-history":[{"count":0,"href":"https:\/\/tarimhaber.com\/index.php?rest_route=\/wp\/v2\/posts\/3807\/revisions"}],"wp:attachment":[{"href":"https:\/\/tarimhaber.com\/index.php?rest_route=%2Fwp%2Fv2%2Fmedia&parent=3807"}],"wp:term":[{"taxonomy":"category","embeddable":true,"href":"https:\/\/tarimhaber.com\/index.php?rest_route=%2Fwp%2Fv2%2Fcategories&post=3807"},{"taxonomy":"post_tag","embeddable":true,"href":"https:\/\/tarimhaber.com\/index.php?rest_route=%2Fwp%2Fv2%2Ftags&post=3807"}],"curies":[{"name":"wp","href":"https:\/\/api.w.org\/{rel}","templated":true}]}}