{"id":3827,"date":"2012-02-22T13:04:46","date_gmt":"2012-02-22T13:04:46","guid":{"rendered":"http:\/\/tarimhaber.com\/?p=3827"},"modified":"2012-02-22T13:04:46","modified_gmt":"2012-02-22T13:04:46","slug":"tekirdagda-tarim-arazilerinin-toplulastirilmasina-baslandi","status":"publish","type":"post","link":"https:\/\/tarimhaber.com\/?p=3827","title":{"rendered":"Tekirda\u011f\u2019da tar\u0131m arazilerinin toplula\u015ft\u0131r\u0131lmas\u0131na ba\u015fland\u0131!"},"content":{"rendered":"<p>Tekirda\u011f\u2019da, tar\u0131msal \u00fcretimin art\u0131r\u0131lmas\u0131 amac\u0131yla, tar\u0131m arazilerinin toplula\u015ft\u0131r\u0131lmas\u0131 \u00e7al\u0131\u015fmalar\u0131na ba\u015fland\u0131\u011f\u0131 bildirildi. Tekirda\u011f G\u0131da Tar\u0131m ve Hayvanc\u0131l\u0131k \u0130l M\u00fcd\u00fcr\u00fc Erdem Karada\u011f, Tar\u0131m Reformu Genel M\u00fcd\u00fcrl\u00fc\u011f\u00fc taraf\u0131ndan ilgili yasa gere\u011fince Bu &#8230;<\/p>\n","protected":false},"excerpt":{"rendered":"<p>Tekirda\u011f\u2019da, tar\u0131msal \u00fcretimin art\u0131r\u0131lmas\u0131 amac\u0131yla, tar\u0131m arazilerinin toplula\u015ft\u0131r\u0131lmas\u0131 \u00e7al\u0131\u015fmalar\u0131na ba\u015fland\u0131\u011f\u0131 bildirildi. Tekirda\u011f G\u0131da Tar\u0131m ve Hayvanc\u0131l\u0131k \u0130l M\u00fcd\u00fcr\u00fc Erdem Karada\u011f, Tar\u0131m Reformu Genel M\u00fcd\u00fcrl\u00fc\u011f\u00fc taraf\u0131ndan ilgili yasa gere\u011fince Bu &#8230;<\/p>\n","protected":false},"author":1,"featured_media":0,"comment_status":"open","ping_status":"open","sticky":false,"template":"","format":"standard","meta":{"footnotes":""},"categories":[2],"tags":[897],"class_list":["post-3827","post","type-post","status-publish","format-standard","hentry","category-tarimgentr","tag-http-www-emlakkulisi-com-tekirdagda-tarim-arazilerinin-toplulastirilmasina-baslandi-11438"],"_links":{"self":[{"href":"https:\/\/tarimhaber.com\/index.php?rest_route=\/wp\/v2\/posts\/3827","targetHints":{"allow":["GET"]}}],"collection":[{"href":"https:\/\/tarimhaber.com\/index.php?rest_route=\/wp\/v2\/posts"}],"about":[{"href":"https:\/\/tarimhaber.com\/index.php?rest_route=\/wp\/v2\/types\/post"}],"author":[{"embeddable":true,"href":"https:\/\/tarimhaber.com\/index.php?rest_route=\/wp\/v2\/users\/1"}],"replies":[{"embeddable":true,"href":"https:\/\/tarimhaber.com\/index.php?rest_route=%2Fwp%2Fv2%2Fcomments&post=3827"}],"version-history":[{"count":0,"href":"https:\/\/tarimhaber.com\/index.php?rest_route=\/wp\/v2\/posts\/3827\/revisions"}],"wp:attachment":[{"href":"https:\/\/tarimhaber.com\/index.php?rest_route=%2Fwp%2Fv2%2Fmedia&parent=3827"}],"wp:term":[{"taxonomy":"category","embeddable":true,"href":"https:\/\/tarimhaber.com\/index.php?rest_route=%2Fwp%2Fv2%2Fcategories&post=3827"},{"taxonomy":"post_tag","embeddable":true,"href":"https:\/\/tarimhaber.com\/index.php?rest_route=%2Fwp%2Fv2%2Ftags&post=3827"}],"curies":[{"name":"wp","href":"https:\/\/api.w.org\/{rel}","templated":true}]}}