{"id":3829,"date":"2012-02-23T21:33:41","date_gmt":"2012-02-23T21:33:41","guid":{"rendered":"http:\/\/tarimhaber.com\/?p=3829"},"modified":"2012-02-23T21:33:41","modified_gmt":"2012-02-23T21:33:41","slug":"eker-fakirler-tarimsal-uretim-mekanizmasi-icinde-tutulmali","status":"publish","type":"post","link":"https:\/\/tarimhaber.com\/?p=3829","title":{"rendered":"Eker: Fakirler tar\u0131msal \u00fcretim mekanizmas\u0131 i\u00e7inde tutulmal\u0131"},"content":{"rendered":"<p>G\u0131da, Tar\u0131m ve Hayvanc\u0131l\u0131k Bakan\u0131 Mehmet Mehdi Eker, T\u00fcrkiye\u2019nin son y\u0131llarda yard\u0131m alan \u00fclke konumundan yard\u0131m eden konumuna ge\u00e7ti\u011fini, IFAD\u2019da T\u00fcrkiye\u2019nin kaydetti\u011fi bu geli\u015fmeden bahsetti\u011fini bildirdi. Merkezi \u0130talya\u2019n\u0131n ba\u015fkenti Roma\u2019da bulunan &#8230;<\/p>\n","protected":false},"excerpt":{"rendered":"<p>G\u0131da, Tar\u0131m ve Hayvanc\u0131l\u0131k Bakan\u0131 Mehmet Mehdi Eker, T\u00fcrkiye\u2019nin son y\u0131llarda yard\u0131m alan \u00fclke konumundan yard\u0131m eden konumuna ge\u00e7ti\u011fini, IFAD\u2019da T\u00fcrkiye\u2019nin kaydetti\u011fi bu geli\u015fmeden bahsetti\u011fini bildirdi. Merkezi \u0130talya\u2019n\u0131n ba\u015fkenti Roma\u2019da&hellip;<\/p>\n","protected":false},"author":1,"featured_media":0,"comment_status":"open","ping_status":"open","sticky":false,"template":"","format":"standard","meta":{"footnotes":""},"categories":[2],"tags":[2215],"class_list":["post-3829","post","type-post","status-publish","format-standard","hentry","category-tarimgentr","tag-http-www-habervitrini-com-haber-eker-fakirler-tarimsal-uretim-mekanizmasi-icinde-tutulmali-589142"],"_links":{"self":[{"href":"https:\/\/tarimhaber.com\/index.php?rest_route=\/wp\/v2\/posts\/3829","targetHints":{"allow":["GET"]}}],"collection":[{"href":"https:\/\/tarimhaber.com\/index.php?rest_route=\/wp\/v2\/posts"}],"about":[{"href":"https:\/\/tarimhaber.com\/index.php?rest_route=\/wp\/v2\/types\/post"}],"author":[{"embeddable":true,"href":"https:\/\/tarimhaber.com\/index.php?rest_route=\/wp\/v2\/users\/1"}],"replies":[{"embeddable":true,"href":"https:\/\/tarimhaber.com\/index.php?rest_route=%2Fwp%2Fv2%2Fcomments&post=3829"}],"version-history":[{"count":0,"href":"https:\/\/tarimhaber.com\/index.php?rest_route=\/wp\/v2\/posts\/3829\/revisions"}],"wp:attachment":[{"href":"https:\/\/tarimhaber.com\/index.php?rest_route=%2Fwp%2Fv2%2Fmedia&parent=3829"}],"wp:term":[{"taxonomy":"category","embeddable":true,"href":"https:\/\/tarimhaber.com\/index.php?rest_route=%2Fwp%2Fv2%2Fcategories&post=3829"},{"taxonomy":"post_tag","embeddable":true,"href":"https:\/\/tarimhaber.com\/index.php?rest_route=%2Fwp%2Fv2%2Ftags&post=3829"}],"curies":[{"name":"wp","href":"https:\/\/api.w.org\/{rel}","templated":true}]}}