{"id":3846,"date":"2012-03-12T08:38:48","date_gmt":"2012-03-12T08:38:48","guid":{"rendered":"http:\/\/tarimhaber.com\/?p=3846"},"modified":"2012-03-12T08:38:48","modified_gmt":"2012-03-12T08:38:48","slug":"tarim-sektoru-7-siraya-yukseldi","status":"publish","type":"post","link":"https:\/\/tarimhaber.com\/?p=3846","title":{"rendered":"Tar\u0131m sekt\u00f6r\u00fc 7. s\u0131raya y\u00fckseldi"},"content":{"rendered":"<p>Mehdi Eker, \u2019\u2019T\u00fcrkiye tar\u0131m sekt\u00f6r\u00fc \u015fu anda d\u00fcnya \u00fclkeleri i\u00e7erisinde 7. s\u0131raya y\u00fckseldi.Bu bizim h\u00fck\u00fcmetimiz d\u00f6neminde oldu\u2019\u2019 dedi. Bakan Eker, K\u0131rsal Kalk\u0131nma Yat\u0131r\u0131mlar\u0131n\u0131n Desteklenmesi Program\u0131 (KKYDP) kapsam\u0131nda merkez il\u00e7eye ba\u011fl\u0131 Ak\u00e7al\u0131 &#8230;<\/p>\n","protected":false},"excerpt":{"rendered":"<p>Mehdi Eker, \u2019\u2019T\u00fcrkiye tar\u0131m sekt\u00f6r\u00fc \u015fu anda d\u00fcnya \u00fclkeleri i\u00e7erisinde 7. s\u0131raya y\u00fckseldi.Bu bizim h\u00fck\u00fcmetimiz d\u00f6neminde oldu\u2019\u2019 dedi. Bakan Eker, K\u0131rsal Kalk\u0131nma Yat\u0131r\u0131mlar\u0131n\u0131n Desteklenmesi Program\u0131 (KKYDP) kapsam\u0131nda merkez il\u00e7eye ba\u011fl\u0131&hellip;<\/p>\n","protected":false},"author":1,"featured_media":0,"comment_status":"open","ping_status":"open","sticky":false,"template":"","format":"standard","meta":{"footnotes":""},"categories":[2],"tags":[345],"class_list":["post-3846","post","type-post","status-publish","format-standard","hentry","category-tarimgentr","tag-http-haber-turk-net-ekonomi-205442-tarm-sektr-7-sraya-ykseldi"],"_links":{"self":[{"href":"https:\/\/tarimhaber.com\/index.php?rest_route=\/wp\/v2\/posts\/3846","targetHints":{"allow":["GET"]}}],"collection":[{"href":"https:\/\/tarimhaber.com\/index.php?rest_route=\/wp\/v2\/posts"}],"about":[{"href":"https:\/\/tarimhaber.com\/index.php?rest_route=\/wp\/v2\/types\/post"}],"author":[{"embeddable":true,"href":"https:\/\/tarimhaber.com\/index.php?rest_route=\/wp\/v2\/users\/1"}],"replies":[{"embeddable":true,"href":"https:\/\/tarimhaber.com\/index.php?rest_route=%2Fwp%2Fv2%2Fcomments&post=3846"}],"version-history":[{"count":0,"href":"https:\/\/tarimhaber.com\/index.php?rest_route=\/wp\/v2\/posts\/3846\/revisions"}],"wp:attachment":[{"href":"https:\/\/tarimhaber.com\/index.php?rest_route=%2Fwp%2Fv2%2Fmedia&parent=3846"}],"wp:term":[{"taxonomy":"category","embeddable":true,"href":"https:\/\/tarimhaber.com\/index.php?rest_route=%2Fwp%2Fv2%2Fcategories&post=3846"},{"taxonomy":"post_tag","embeddable":true,"href":"https:\/\/tarimhaber.com\/index.php?rest_route=%2Fwp%2Fv2%2Ftags&post=3846"}],"curies":[{"name":"wp","href":"https:\/\/api.w.org\/{rel}","templated":true}]}}