{"id":3860,"date":"2012-03-19T17:50:05","date_gmt":"2012-03-19T17:50:05","guid":{"rendered":"http:\/\/tarimhaber.com\/?p=3860"},"modified":"2012-03-19T17:50:05","modified_gmt":"2012-03-19T17:50:05","slug":"dunyanin-28inci-yeryuzu-pazari-turkiyede","status":"publish","type":"post","link":"https:\/\/tarimhaber.com\/?p=3860","title":{"rendered":"D\u00fcnyan\u0131n 28\u2019inci Yery\u00fcz\u00fc Pazar\u0131 T\u00fcrkiye\u2019de"},"content":{"rendered":"<p>\u0130ZM\u0130R\u2019in Fo\u00e7a \u0130l\u00e7esi\u2019nde, pazar g\u00fcnleri kurulan, yerel \u00fcreticilerin do\u011fal \u015fartlarda yeti\u015ftirdi\u011fi \u00fcr\u00fcnlerin sat\u0131ld\u0131\u011f\u0131 pazar, uluslararas\u0131 Slow Food hareketi taraf\u0131ndan \u2019Yery\u00fcz\u00fc Pazar\u0131\u2019 ilan edildi. Fo\u00e7a Yery\u00fcz\u00fc Pazar\u0131\u2019n\u0131n d\u00fcnyadaki 28\u2019inci pazar oldu\u011fu belirtildi.<\/p>\n","protected":false},"excerpt":{"rendered":"<p>\u0130ZM\u0130R\u2019in Fo\u00e7a \u0130l\u00e7esi\u2019nde, pazar g\u00fcnleri kurulan, yerel \u00fcreticilerin do\u011fal \u015fartlarda yeti\u015ftirdi\u011fi \u00fcr\u00fcnlerin sat\u0131ld\u0131\u011f\u0131 pazar, uluslararas\u0131 Slow Food hareketi taraf\u0131ndan \u2019Yery\u00fcz\u00fc Pazar\u0131\u2019 ilan edildi. Fo\u00e7a Yery\u00fcz\u00fc Pazar\u0131\u2019n\u0131n d\u00fcnyadaki 28\u2019inci pazar oldu\u011fu&hellip;<\/p>\n","protected":false},"author":1,"featured_media":3861,"comment_status":"open","ping_status":"open","sticky":false,"template":"","format":"standard","meta":{"footnotes":""},"categories":[2],"tags":[2421],"class_list":["post-3860","post","type-post","status-publish","format-standard","has-post-thumbnail","hentry","category-tarimgentr","tag-http-www-hurriyet-com-tr-gundem-20158363-asp"],"_links":{"self":[{"href":"https:\/\/tarimhaber.com\/index.php?rest_route=\/wp\/v2\/posts\/3860","targetHints":{"allow":["GET"]}}],"collection":[{"href":"https:\/\/tarimhaber.com\/index.php?rest_route=\/wp\/v2\/posts"}],"about":[{"href":"https:\/\/tarimhaber.com\/index.php?rest_route=\/wp\/v2\/types\/post"}],"author":[{"embeddable":true,"href":"https:\/\/tarimhaber.com\/index.php?rest_route=\/wp\/v2\/users\/1"}],"replies":[{"embeddable":true,"href":"https:\/\/tarimhaber.com\/index.php?rest_route=%2Fwp%2Fv2%2Fcomments&post=3860"}],"version-history":[{"count":0,"href":"https:\/\/tarimhaber.com\/index.php?rest_route=\/wp\/v2\/posts\/3860\/revisions"}],"wp:featuredmedia":[{"embeddable":true,"href":"https:\/\/tarimhaber.com\/index.php?rest_route=\/"}],"wp:attachment":[{"href":"https:\/\/tarimhaber.com\/index.php?rest_route=%2Fwp%2Fv2%2Fmedia&parent=3860"}],"wp:term":[{"taxonomy":"category","embeddable":true,"href":"https:\/\/tarimhaber.com\/index.php?rest_route=%2Fwp%2Fv2%2Fcategories&post=3860"},{"taxonomy":"post_tag","embeddable":true,"href":"https:\/\/tarimhaber.com\/index.php?rest_route=%2Fwp%2Fv2%2Ftags&post=3860"}],"curies":[{"name":"wp","href":"https:\/\/api.w.org\/{rel}","templated":true}]}}