{"id":3887,"date":"2012-04-02T07:22:51","date_gmt":"2012-04-02T07:22:51","guid":{"rendered":"http:\/\/tarimhaber.com\/?p=3887"},"modified":"2012-04-02T07:22:51","modified_gmt":"2012-04-02T07:22:51","slug":"tarim-arazilerinin-bolunmemesi-icin-calisma-baslatildi","status":"publish","type":"post","link":"https:\/\/tarimhaber.com\/?p=3887","title":{"rendered":"Tar\u0131m Arazilerinin B\u00f6l\u00fcnmemesi \u0130\u00e7in \u00c7al\u0131\u015fma Ba\u015flat\u0131ld\u0131"},"content":{"rendered":"<p>G\u0131da Tar\u0131m ve Hayvanc\u0131l\u0131k Bakanl\u0131\u011f\u0131 taraf\u0131ndan tar\u0131m arazilerinin b\u00f6l\u00fcnmemesi i\u00e7in yurt geleninde ba\u015flat\u0131lan \u00e7al\u0131\u015fma kapsam\u0131nda Ayd\u0131n\u2019da da harekete ge\u00e7ildi. T\u00fcrkiye\u2019de tar\u0131m alanlar\u0131n\u0131n, miras\u00e7\u0131lar aras\u0131nda pay edilmesi sonucu ortaya \u00e7\u0131kan k\u00fc\u00e7\u00fck parseller nedeniyle \u00f6nemli miktardaki ekonomik kay\u0131plar\u0131n \u00f6nlenmesi i\u00e7in G\u0131da Tar\u0131m ve Hayvanc\u0131l\u0131k Bakanl\u0131\u011f\u0131\u2019nca \u00e7al\u0131\u015fma ba\u015flat\u0131ld\u0131. Ba\u015flat\u0131lan projeden do\u011fru sonu\u00e7lar al\u0131nabilmesi amac\u0131yla G\u0131da Tar\u0131m ve Hayvanc\u0131l\u0131k Bakanl\u0131\u011f\u0131 uzmanlar\u0131 taraf\u0131ndan 25 soruluk anket haz\u0131rland\u0131.<\/p>\n","protected":false},"excerpt":{"rendered":"<p>G\u0131da Tar\u0131m ve Hayvanc\u0131l\u0131k Bakanl\u0131\u011f\u0131 taraf\u0131ndan tar\u0131m arazilerinin b\u00f6l\u00fcnmemesi i\u00e7in yurt geleninde ba\u015flat\u0131lan \u00e7al\u0131\u015fma kapsam\u0131nda Ayd\u0131n\u2019da da harekete ge\u00e7ildi. T\u00fcrkiye\u2019de tar\u0131m alanlar\u0131n\u0131n, miras\u00e7\u0131lar aras\u0131nda pay edilmesi sonucu ortaya \u00e7\u0131kan k\u00fc\u00e7\u00fck&hellip;<\/p>\n","protected":false},"author":1,"featured_media":0,"comment_status":"open","ping_status":"open","sticky":false,"template":"","format":"standard","meta":{"footnotes":""},"categories":[2],"tags":[1259],"class_list":["post-3887","post","type-post","status-publish","format-standard","hentry","category-tarimgentr","tag-http-www-haberfx-net-tarim-arazilerinin-bolunmemesi-icin-calisma-baslatildi-haberi-459790"],"_links":{"self":[{"href":"https:\/\/tarimhaber.com\/index.php?rest_route=\/wp\/v2\/posts\/3887","targetHints":{"allow":["GET"]}}],"collection":[{"href":"https:\/\/tarimhaber.com\/index.php?rest_route=\/wp\/v2\/posts"}],"about":[{"href":"https:\/\/tarimhaber.com\/index.php?rest_route=\/wp\/v2\/types\/post"}],"author":[{"embeddable":true,"href":"https:\/\/tarimhaber.com\/index.php?rest_route=\/wp\/v2\/users\/1"}],"replies":[{"embeddable":true,"href":"https:\/\/tarimhaber.com\/index.php?rest_route=%2Fwp%2Fv2%2Fcomments&post=3887"}],"version-history":[{"count":0,"href":"https:\/\/tarimhaber.com\/index.php?rest_route=\/wp\/v2\/posts\/3887\/revisions"}],"wp:attachment":[{"href":"https:\/\/tarimhaber.com\/index.php?rest_route=%2Fwp%2Fv2%2Fmedia&parent=3887"}],"wp:term":[{"taxonomy":"category","embeddable":true,"href":"https:\/\/tarimhaber.com\/index.php?rest_route=%2Fwp%2Fv2%2Fcategories&post=3887"},{"taxonomy":"post_tag","embeddable":true,"href":"https:\/\/tarimhaber.com\/index.php?rest_route=%2Fwp%2Fv2%2Ftags&post=3887"}],"curies":[{"name":"wp","href":"https:\/\/api.w.org\/{rel}","templated":true}]}}