{"id":3889,"date":"2012-04-03T06:40:58","date_gmt":"2012-04-03T06:40:58","guid":{"rendered":"http:\/\/tarimhaber.com\/?p=3889"},"modified":"2012-04-03T06:40:58","modified_gmt":"2012-04-03T06:40:58","slug":"bakan-eker-2012-yili-sonuna-kadar-2500-tarim-danismani-daha-alacagiz","status":"publish","type":"post","link":"https:\/\/tarimhaber.com\/?p=3889","title":{"rendered":"Bakan Eker: 2012 y\u0131l\u0131 sonuna kadar 2500 tar\u0131m dan\u0131\u015fman\u0131 daha alaca\u011f\u0131z"},"content":{"rendered":"<p>G\u0131da Tar\u0131m ve Hayvanc\u0131l\u0131k Bakan\u0131 Mehmet Mehdi Eker programda, g\u0131da g\u00fcvenirli\u011finden personel al\u0131m\u0131na, tar\u0131m arazilerinin b\u00f6l\u00fcnmesinin \u00f6nlenmesi \u00e7al\u0131\u015fmalar\u0131ndan toplula\u015ft\u0131rmaya kadar bir\u00e7ok konuda a\u00e7\u0131klamalarda bulundu. Bakan Eker, TRT Haber\u2019de Sava\u015f Gen\u00e7\u2019in sundu\u011fu \u201cB\u00fcy\u00fcte\u00e7\u201d program\u0131na konuk oldu. Bakan Eker programda; g\u0131da g\u00fcvenli\u011fi, yeni personel al\u0131m\u0131, tar\u0131m arazilerinin b\u00f6l\u00fcnmesinin \u00f6nlenmesi ve toplula\u015ft\u0131rma konusunda yapt\u0131klar\u0131 \u00e7al\u0131\u015fmalar\u0131 anlatt\u0131.<\/p>\n","protected":false},"excerpt":{"rendered":"<p>G\u0131da Tar\u0131m ve Hayvanc\u0131l\u0131k Bakan\u0131 Mehmet Mehdi Eker programda, g\u0131da g\u00fcvenirli\u011finden personel al\u0131m\u0131na, tar\u0131m arazilerinin b\u00f6l\u00fcnmesinin \u00f6nlenmesi \u00e7al\u0131\u015fmalar\u0131ndan toplula\u015ft\u0131rmaya kadar bir\u00e7ok konuda a\u00e7\u0131klamalarda bulundu. Bakan Eker, TRT Haber\u2019de Sava\u015f Gen\u00e7\u2019in&hellip;<\/p>\n","protected":false},"author":1,"featured_media":3890,"comment_status":"open","ping_status":"open","sticky":false,"template":"","format":"standard","meta":{"footnotes":""},"categories":[2],"tags":[2622],"class_list":["post-3889","post","type-post","status-publish","format-standard","has-post-thumbnail","hentry","category-tarimgentr","tag-http-www-memurlar-net-haber-221818"],"_links":{"self":[{"href":"https:\/\/tarimhaber.com\/index.php?rest_route=\/wp\/v2\/posts\/3889","targetHints":{"allow":["GET"]}}],"collection":[{"href":"https:\/\/tarimhaber.com\/index.php?rest_route=\/wp\/v2\/posts"}],"about":[{"href":"https:\/\/tarimhaber.com\/index.php?rest_route=\/wp\/v2\/types\/post"}],"author":[{"embeddable":true,"href":"https:\/\/tarimhaber.com\/index.php?rest_route=\/wp\/v2\/users\/1"}],"replies":[{"embeddable":true,"href":"https:\/\/tarimhaber.com\/index.php?rest_route=%2Fwp%2Fv2%2Fcomments&post=3889"}],"version-history":[{"count":0,"href":"https:\/\/tarimhaber.com\/index.php?rest_route=\/wp\/v2\/posts\/3889\/revisions"}],"wp:featuredmedia":[{"embeddable":true,"href":"https:\/\/tarimhaber.com\/index.php?rest_route=\/wp\/v2\/media\/3890"}],"wp:attachment":[{"href":"https:\/\/tarimhaber.com\/index.php?rest_route=%2Fwp%2Fv2%2Fmedia&parent=3889"}],"wp:term":[{"taxonomy":"category","embeddable":true,"href":"https:\/\/tarimhaber.com\/index.php?rest_route=%2Fwp%2Fv2%2Fcategories&post=3889"},{"taxonomy":"post_tag","embeddable":true,"href":"https:\/\/tarimhaber.com\/index.php?rest_route=%2Fwp%2Fv2%2Ftags&post=3889"}],"curies":[{"name":"wp","href":"https:\/\/api.w.org\/{rel}","templated":true}]}}