{"id":3894,"date":"2012-04-05T06:18:13","date_gmt":"2012-04-05T06:18:13","guid":{"rendered":"http:\/\/tarimhaber.com\/?p=3894"},"modified":"2012-04-05T06:18:13","modified_gmt":"2012-04-05T06:18:13","slug":"tarim-ve-insan-fotograf-soleni-basliyor","status":"publish","type":"post","link":"https:\/\/tarimhaber.com\/?p=3894","title":{"rendered":"\u201cTARIM VE \u0130NSAN\u201d FOTO\u011eRAF \u015e\u00d6LEN\u0130 BA\u015eLIYOR"},"content":{"rendered":"<p>Foto\u011fraf severlerin b\u00fcy\u00fck ilgi g\u00f6sterdi\u011fi \u201cTar\u0131m ve \u0130nsan\u201d konulu Ulusal Foto\u011fraf Yar\u0131\u015fmas\u0131na ba\u015fvurular ba\u015flad\u0131. G\u0131da Tar\u0131m ve Hayvanc\u0131l\u0131k Bakanl\u0131\u011f\u0131\u2019n\u0131n geleneksel hale getirdi\u011fi ve DenizBank\u2019\u0131n katk\u0131lar\u0131yla ger\u00e7ekle\u015ftirilen yar\u0131\u015fman\u0131n bu y\u0131l 4\u2019\u00fcnc\u00fcs\u00fc d\u00fczenlenecek. Yar\u0131\u015fmaya 7\u2019den 70\u2019e herkes ba\u015fvurabilecek. B\u00fcy\u00fck ilgi g\u00f6ren yar\u0131\u015fmaya, Genel, \u00c7ift\u00e7i-\u00dcretici, G\u0131da Tar\u0131m ve Hayvanc\u0131l\u0131k Bakanl\u0131\u011f\u0131 ve DenizBank personeli olmak \u00fczere be\u015f ayr\u0131 kategoride ba\u015fvurular kabul edilecek.<br \/>\nSON TAR\u0130H 13 TEMMUZ<br \/>\nYar\u0131\u015fmaya kat\u0131lmak isteyenler, 13 Temmuz 2012 tarihine kadar ba\u015fvuruda bulunabilecekler. 24-27 Temmuz tarihleri aras\u0131nda ise sonu\u00e7lar kamuoyuna a\u00e7\u0131klanacak. Ulusal Foto\u011fraf Yar\u0131\u015fmas\u0131\u2019n\u0131n \u00f6d\u00fcl t\u00f6reni ekim ay\u0131 i\u00e7inde ger\u00e7ekle\u015ftirilecek. Yar\u0131\u015fmada dereceye girenlere toplamda 15 bin lira \u00f6d\u00fcl verilecek. Genel kategori birincisi 4 bin lira, ikincisi 3 bin lira, \u00fc\u00e7\u00fcnc\u00fcs\u00fc ise 2 bin liral\u0131k \u00f6d\u00fcl\u00fcn sahibi olacak. \u00c7ift\u00e7i-\u00dcretici, \u00d6\u011frenci, Bakanl\u0131k Personeli kategorilerinde \u00f6d\u00fcle lay\u0131k g\u00f6r\u00fclen foto\u011fraf sahipleri 2\u2019\u015fer bin liral\u0131k \u00f6d\u00fcl\u00fc almaya hak kazanacaklar. Amat\u00f6r ve profesyonel t\u00fcm foto\u011fraf severlerin kat\u0131labilece\u011fi yar\u0131\u015fman\u0131n ba\u015fvuru formuna ve detayl\u0131 bilgilere a\u015fa\u011f\u0131daki linkten ula\u015fabilirsiniz.<\/p>\n","protected":false},"excerpt":{"rendered":"<p>Foto\u011fraf severlerin b\u00fcy\u00fck ilgi g\u00f6sterdi\u011fi \u201cTar\u0131m ve \u0130nsan\u201d konulu Ulusal Foto\u011fraf Yar\u0131\u015fmas\u0131na ba\u015fvurular ba\u015flad\u0131. G\u0131da Tar\u0131m ve Hayvanc\u0131l\u0131k Bakanl\u0131\u011f\u0131\u2019n\u0131n geleneksel hale getirdi\u011fi ve DenizBank\u2019\u0131n katk\u0131lar\u0131yla ger\u00e7ekle\u015ftirilen yar\u0131\u015fman\u0131n bu y\u0131l 4\u2019\u00fcnc\u00fcs\u00fc&hellip;<\/p>\n","protected":false},"author":1,"featured_media":0,"comment_status":"open","ping_status":"open","sticky":false,"template":"","format":"standard","meta":{"footnotes":""},"categories":[2],"tags":[3254],"class_list":["post-3894","post","type-post","status-publish","format-standard","hentry","category-tarimgentr","tag-http-www-tarimyayin-gov-tr-pages-aspurld3963894c0bf4cb26debd5c9ebc1dbbb"],"_links":{"self":[{"href":"https:\/\/tarimhaber.com\/index.php?rest_route=\/wp\/v2\/posts\/3894","targetHints":{"allow":["GET"]}}],"collection":[{"href":"https:\/\/tarimhaber.com\/index.php?rest_route=\/wp\/v2\/posts"}],"about":[{"href":"https:\/\/tarimhaber.com\/index.php?rest_route=\/wp\/v2\/types\/post"}],"author":[{"embeddable":true,"href":"https:\/\/tarimhaber.com\/index.php?rest_route=\/wp\/v2\/users\/1"}],"replies":[{"embeddable":true,"href":"https:\/\/tarimhaber.com\/index.php?rest_route=%2Fwp%2Fv2%2Fcomments&post=3894"}],"version-history":[{"count":0,"href":"https:\/\/tarimhaber.com\/index.php?rest_route=\/wp\/v2\/posts\/3894\/revisions"}],"wp:attachment":[{"href":"https:\/\/tarimhaber.com\/index.php?rest_route=%2Fwp%2Fv2%2Fmedia&parent=3894"}],"wp:term":[{"taxonomy":"category","embeddable":true,"href":"https:\/\/tarimhaber.com\/index.php?rest_route=%2Fwp%2Fv2%2Fcategories&post=3894"},{"taxonomy":"post_tag","embeddable":true,"href":"https:\/\/tarimhaber.com\/index.php?rest_route=%2Fwp%2Fv2%2Ftags&post=3894"}],"curies":[{"name":"wp","href":"https:\/\/api.w.org\/{rel}","templated":true}]}}