{"id":3920,"date":"2012-05-02T08:34:36","date_gmt":"2012-05-02T08:34:36","guid":{"rendered":"http:\/\/tarimhaber.com\/?p=3920"},"modified":"2012-05-02T08:34:36","modified_gmt":"2012-05-02T08:34:36","slug":"okulda-sut-zehirledi","status":"publish","type":"post","link":"https:\/\/tarimhaber.com\/?p=3920","title":{"rendered":"Okulda s\u00fct zehirledi"},"content":{"rendered":"<p>Bug\u00fcn ba\u015flat\u0131lan &#8220;okul s\u00fct\u00fc projesi&#8221; kapsam\u0131nda okullarda da\u011f\u0131t\u0131lan s\u00fct \u00f6\u011frencilerin zehirlenmesine neden oldu. Diyarbak\u0131r, Sivas, Adana, K\u0131r\u0131kkale, Edirne, Antalya ve Mersin\u2019de \u00e7ok say\u0131da \u00f6\u011frenci da\u011f\u0131lan s\u00fctleri i\u00e7tikten sonra rahats\u0131zland\u0131. \u00d6\u011frenciler, ilk m\u00fcdahalenin ard\u0131ndan hastaneye kald\u0131r\u0131ld\u0131 ve tedaviye al\u0131nd\u0131.<\/p>\n<p>Diyarbak\u0131r Valisi Mustafa Toprak, olay\u0131n s\u00fctten kaynakland\u0131\u011f\u0131n\u0131 d\u00fc\u015f\u00fcnmediklerini, olay\u0131n kampanyaya zarar vermemesi gerekti\u011fini belirten Vali Toprak, \u015funlar\u0131 s\u00f6yledi: \u201c\u0130lk s\u00fct da\u011f\u0131t\u0131m\u0131n\u0131n sabah\u0131nda sanki bunun s\u00fctten g\u00f6sterilmesi haks\u0131zl\u0131k olur. Diyarbak\u0131r\u2019da 230 bin \u00e7ocu\u011fa s\u00fct da\u011f\u0131t\u0131l\u0131yor. Genellenmesini bu b\u00fcy\u00fck projenin sekteye u\u011frat\u0131lmamas\u0131n\u0131 istirham ediyorum. Bu yanl\u0131\u015f olur.\u2019\u2019 dedi.<\/p>\n","protected":false},"excerpt":{"rendered":"<p>Bug\u00fcn ba\u015flat\u0131lan &#8220;okul s\u00fct\u00fc projesi&#8221; kapsam\u0131nda okullarda da\u011f\u0131t\u0131lan s\u00fct \u00f6\u011frencilerin zehirlenmesine neden oldu. Diyarbak\u0131r, Sivas, Adana, K\u0131r\u0131kkale, Edirne, Antalya ve Mersin\u2019de \u00e7ok say\u0131da \u00f6\u011frenci da\u011f\u0131lan s\u00fctleri i\u00e7tikten sonra rahats\u0131zland\u0131. \u00d6\u011frenciler,&hellip;<\/p>\n","protected":false},"author":1,"featured_media":3921,"comment_status":"open","ping_status":"open","sticky":false,"template":"","format":"standard","meta":{"footnotes":""},"categories":[2],"tags":[319],"class_list":["post-3920","post","type-post","status-publish","format-standard","has-post-thumbnail","hentry","category-tarimgentr","tag-http-haber-mynet-com-okulda-sut-zehirledi-628481-guncel"],"_links":{"self":[{"href":"https:\/\/tarimhaber.com\/index.php?rest_route=\/wp\/v2\/posts\/3920","targetHints":{"allow":["GET"]}}],"collection":[{"href":"https:\/\/tarimhaber.com\/index.php?rest_route=\/wp\/v2\/posts"}],"about":[{"href":"https:\/\/tarimhaber.com\/index.php?rest_route=\/wp\/v2\/types\/post"}],"author":[{"embeddable":true,"href":"https:\/\/tarimhaber.com\/index.php?rest_route=\/wp\/v2\/users\/1"}],"replies":[{"embeddable":true,"href":"https:\/\/tarimhaber.com\/index.php?rest_route=%2Fwp%2Fv2%2Fcomments&post=3920"}],"version-history":[{"count":0,"href":"https:\/\/tarimhaber.com\/index.php?rest_route=\/wp\/v2\/posts\/3920\/revisions"}],"wp:featuredmedia":[{"embeddable":true,"href":"https:\/\/tarimhaber.com\/index.php?rest_route=\/wp\/v2\/media\/3921"}],"wp:attachment":[{"href":"https:\/\/tarimhaber.com\/index.php?rest_route=%2Fwp%2Fv2%2Fmedia&parent=3920"}],"wp:term":[{"taxonomy":"category","embeddable":true,"href":"https:\/\/tarimhaber.com\/index.php?rest_route=%2Fwp%2Fv2%2Fcategories&post=3920"},{"taxonomy":"post_tag","embeddable":true,"href":"https:\/\/tarimhaber.com\/index.php?rest_route=%2Fwp%2Fv2%2Ftags&post=3920"}],"curies":[{"name":"wp","href":"https:\/\/api.w.org\/{rel}","templated":true}]}}