{"id":4016,"date":"2012-09-13T19:37:49","date_gmt":"2012-09-13T19:37:49","guid":{"rendered":"http:\/\/tarimhaber.com\/?p=4016"},"modified":"2012-09-13T19:37:49","modified_gmt":"2012-09-13T19:37:49","slug":"gida-fiyatlari-yeni-bir-krizi-tetikleyebilir","status":"publish","type":"post","link":"https:\/\/tarimhaber.com\/?p=4016","title":{"rendered":"G\u0131da fiyatlar\u0131 yeni bir krizi tetikleyebilir"},"content":{"rendered":"<p>Tar\u0131m Hayvanc\u0131l\u0131k ve G\u0131da Bakan\u0131 Mehdi Eker, Avrupa Kalk\u0131nma ve \u0130mar Bankas\u0131 (EBRD) ile D\u00fcnya G\u0131da ve Tar\u0131m \u00d6rg\u00fct\u00fc\u2019n\u00fcn (FAO) ortakla\u015fa d\u00fczenledi\u011fi \u201cG\u0131da G\u00fcvencesi i\u00e7in \u00f6zel sekt\u00f6r\u201d konulu panelin a\u00e7\u0131l\u0131\u015f\u0131na kat\u0131ld\u0131. Rusya, M\u0131s\u0131r ve Bulgaristan\u2019\u0131n tar\u0131m bakanlar\u0131n\u0131n da kat\u0131ld\u0131\u011f\u0131 toplant\u0131da uluslararas\u0131 finans kurulu\u015flar\u0131 ve \u00f6zel sekt\u00f6r temsilcilerinin yan\u0131 s\u0131ra d\u00fcnya g\u0131da g\u00fcvenli\u011finde s\u00f6z sahibi bir\u00e7ok isim haz\u0131r bulundu. Son aylarda k\u00fcresel bu\u011fday \u00fcretimindeki azalma, m\u0131s\u0131r ve \u015feker fiyatlar\u0131ndaki art\u0131\u015fa de\u011finen Eker, d\u00fcnya finans merkezlerinin verilerine de yans\u0131yan bu dalgalanmalar\u0131n d\u00fcnyada yeni bir krize neden olaca\u011f\u0131n\u0131, g\u0131da g\u00fcvenli\u011fi i\u00e7in yeni tedbirler al\u0131nmas\u0131n\u0131 elzem k\u0131ld\u0131\u011f\u0131n\u0131 belirtti.<\/p>\n","protected":false},"excerpt":{"rendered":"<p>Tar\u0131m Hayvanc\u0131l\u0131k ve G\u0131da Bakan\u0131 Mehdi Eker, Avrupa Kalk\u0131nma ve \u0130mar Bankas\u0131 (EBRD) ile D\u00fcnya G\u0131da ve Tar\u0131m \u00d6rg\u00fct\u00fc\u2019n\u00fcn (FAO) ortakla\u015fa d\u00fczenledi\u011fi \u201cG\u0131da G\u00fcvencesi i\u00e7in \u00f6zel sekt\u00f6r\u201d konulu panelin a\u00e7\u0131l\u0131\u015f\u0131na&hellip;<\/p>\n","protected":false},"author":1,"featured_media":0,"comment_status":"open","ping_status":"open","sticky":false,"template":"","format":"standard","meta":{"footnotes":""},"categories":[2],"tags":[3390],"class_list":["post-4016","post","type-post","status-publish","format-standard","hentry","category-tarimgentr","tag-http-www-yenicaggazetesi-com-tr-yg-habergoster-phphaber72832"],"_links":{"self":[{"href":"https:\/\/tarimhaber.com\/index.php?rest_route=\/wp\/v2\/posts\/4016","targetHints":{"allow":["GET"]}}],"collection":[{"href":"https:\/\/tarimhaber.com\/index.php?rest_route=\/wp\/v2\/posts"}],"about":[{"href":"https:\/\/tarimhaber.com\/index.php?rest_route=\/wp\/v2\/types\/post"}],"author":[{"embeddable":true,"href":"https:\/\/tarimhaber.com\/index.php?rest_route=\/wp\/v2\/users\/1"}],"replies":[{"embeddable":true,"href":"https:\/\/tarimhaber.com\/index.php?rest_route=%2Fwp%2Fv2%2Fcomments&post=4016"}],"version-history":[{"count":0,"href":"https:\/\/tarimhaber.com\/index.php?rest_route=\/wp\/v2\/posts\/4016\/revisions"}],"wp:attachment":[{"href":"https:\/\/tarimhaber.com\/index.php?rest_route=%2Fwp%2Fv2%2Fmedia&parent=4016"}],"wp:term":[{"taxonomy":"category","embeddable":true,"href":"https:\/\/tarimhaber.com\/index.php?rest_route=%2Fwp%2Fv2%2Fcategories&post=4016"},{"taxonomy":"post_tag","embeddable":true,"href":"https:\/\/tarimhaber.com\/index.php?rest_route=%2Fwp%2Fv2%2Ftags&post=4016"}],"curies":[{"name":"wp","href":"https:\/\/api.w.org\/{rel}","templated":true}]}}