{"id":4022,"date":"2012-09-19T07:42:31","date_gmt":"2012-09-19T07:42:31","guid":{"rendered":"http:\/\/tarimhaber.com\/?p=4022"},"modified":"2012-09-19T07:42:31","modified_gmt":"2012-09-19T07:42:31","slug":"tarim-disi-issizlik-dustu-ama-artacak","status":"publish","type":"post","link":"https:\/\/tarimhaber.com\/?p=4022","title":{"rendered":"Tar\u0131m d\u0131\u015f\u0131 i\u015fsizlik d\u00fc\u015ft\u00fc ama artacak!"},"content":{"rendered":"<p>Bah\u00e7e\u015fehir \u00dcniversitesi Ekonomik ve Toplumsal Ara\u015ft\u0131rmalar Merkezi \u2019betam\u2019 i\u015fsizlik ve istihdam konusunda tar\u0131m istihdam\u0131n\u0131n dinamikleriyle tar\u0131m d\u0131\u015f\u0131 istihdam\u0131n dinamiklerinin farkl\u0131 oldu\u011fu g\u00f6zleminden hareket ederek, analizlerinde \u00f6nemli olan\u0131n tar\u0131m &#8230;<\/p>\n","protected":false},"excerpt":{"rendered":"<p>Bah\u00e7e\u015fehir \u00dcniversitesi Ekonomik ve Toplumsal Ara\u015ft\u0131rmalar Merkezi \u2019betam\u2019 i\u015fsizlik ve istihdam konusunda tar\u0131m istihdam\u0131n\u0131n dinamikleriyle tar\u0131m d\u0131\u015f\u0131 istihdam\u0131n dinamiklerinin farkl\u0131 oldu\u011fu g\u00f6zleminden hareket ederek, analizlerinde \u00f6nemli olan\u0131n tar\u0131m &#8230;<\/p>\n","protected":false},"author":1,"featured_media":0,"comment_status":"open","ping_status":"open","sticky":false,"template":"","format":"standard","meta":{"footnotes":""},"categories":[2],"tags":[539],"class_list":["post-4022","post","type-post","status-publish","format-standard","hentry","category-tarimgentr","tag-http-www-aksam-com-tr-tarim-disi-issizlik-dustu-ama-artacak-7798y-html"],"_links":{"self":[{"href":"https:\/\/tarimhaber.com\/index.php?rest_route=\/wp\/v2\/posts\/4022","targetHints":{"allow":["GET"]}}],"collection":[{"href":"https:\/\/tarimhaber.com\/index.php?rest_route=\/wp\/v2\/posts"}],"about":[{"href":"https:\/\/tarimhaber.com\/index.php?rest_route=\/wp\/v2\/types\/post"}],"author":[{"embeddable":true,"href":"https:\/\/tarimhaber.com\/index.php?rest_route=\/wp\/v2\/users\/1"}],"replies":[{"embeddable":true,"href":"https:\/\/tarimhaber.com\/index.php?rest_route=%2Fwp%2Fv2%2Fcomments&post=4022"}],"version-history":[{"count":0,"href":"https:\/\/tarimhaber.com\/index.php?rest_route=\/wp\/v2\/posts\/4022\/revisions"}],"wp:attachment":[{"href":"https:\/\/tarimhaber.com\/index.php?rest_route=%2Fwp%2Fv2%2Fmedia&parent=4022"}],"wp:term":[{"taxonomy":"category","embeddable":true,"href":"https:\/\/tarimhaber.com\/index.php?rest_route=%2Fwp%2Fv2%2Fcategories&post=4022"},{"taxonomy":"post_tag","embeddable":true,"href":"https:\/\/tarimhaber.com\/index.php?rest_route=%2Fwp%2Fv2%2Ftags&post=4022"}],"curies":[{"name":"wp","href":"https:\/\/api.w.org\/{rel}","templated":true}]}}