{"id":4026,"date":"2012-08-11T16:45:13","date_gmt":"2012-08-11T16:45:13","guid":{"rendered":"http:\/\/tarimhaber.com\/?p=4026"},"modified":"2012-08-11T16:45:13","modified_gmt":"2012-08-11T16:45:13","slug":"ciftci-borclarina-1-yil-kuraklik-ertelemesi","status":"publish","type":"post","link":"https:\/\/tarimhaber.com\/?p=4026","title":{"rendered":"\u00c7ift\u00e7i bor\u00e7lar\u0131na 1 y\u0131l kurakl\u0131k ertelemesi"},"content":{"rendered":"<p>G\u0131da, Tar\u0131m ve Hayvanc\u0131l\u0131k Bakan\u0131 Mehdi Eker, kurakl\u0131k olan y\u00f6relerde \u00e7ift\u00e7i bor\u00e7lar\u0131n\u0131n 1 y\u0131l s\u00fcreyle ertelendi\u011fini bildirdi. Bakan Eker: &#8220;\u00c7ift\u00e7inin kurakl\u0131ktan dolay\u0131, bor\u00e7lar\u0131 \u015fu anda Bakanlar Kurulu\u2019nda imzada. Karar\u0131 ben imzalad\u0131m, arkada\u015flar da imzalayacak. Bor\u00e7lar bir y\u0131l s\u00fcreyle y\u00fczde 5 faizli olarak ertelenecek. Ya\u011fmur belirli zamanlarda ya\u011fmad\u0131\u011f\u0131 i\u00e7in faydas\u0131 olmad\u0131. Bize ihtiya\u00e7 oldu\u011funda yani Nisan ay\u0131nda ya\u011fmas\u0131 faydal\u0131 olacakt\u0131. Bu nedenle kurakl\u0131ktan zarar g\u00f6ren vatanda\u015flar\u0131l\u0131m\u0131z\u0131n Ziraat Bankas\u0131 ve Tar\u0131m Kredi Kooperatif bor\u00e7lar\u0131, ertelenecek.&#8221; dedi.<\/p>\n","protected":false},"excerpt":{"rendered":"<p>G\u0131da, Tar\u0131m ve Hayvanc\u0131l\u0131k Bakan\u0131 Mehdi Eker, kurakl\u0131k olan y\u00f6relerde \u00e7ift\u00e7i bor\u00e7lar\u0131n\u0131n 1 y\u0131l s\u00fcreyle ertelendi\u011fini bildirdi. Bakan Eker: &#8220;\u00c7ift\u00e7inin kurakl\u0131ktan dolay\u0131, bor\u00e7lar\u0131 \u015fu anda Bakanlar Kurulu\u2019nda imzada. Karar\u0131 ben&hellip;<\/p>\n","protected":false},"author":1,"featured_media":0,"comment_status":"open","ping_status":"open","sticky":false,"template":"","format":"standard","meta":{"footnotes":""},"categories":[2],"tags":[732],"class_list":["post-4026","post","type-post","status-publish","format-standard","hentry","category-tarimgentr","tag-http-www-cnnturk-com-2012-ekonomi-genel-08-11-cifciye-1-yil-kuraklik-ertelemesi-672551-0-index-html"],"_links":{"self":[{"href":"https:\/\/tarimhaber.com\/index.php?rest_route=\/wp\/v2\/posts\/4026","targetHints":{"allow":["GET"]}}],"collection":[{"href":"https:\/\/tarimhaber.com\/index.php?rest_route=\/wp\/v2\/posts"}],"about":[{"href":"https:\/\/tarimhaber.com\/index.php?rest_route=\/wp\/v2\/types\/post"}],"author":[{"embeddable":true,"href":"https:\/\/tarimhaber.com\/index.php?rest_route=\/wp\/v2\/users\/1"}],"replies":[{"embeddable":true,"href":"https:\/\/tarimhaber.com\/index.php?rest_route=%2Fwp%2Fv2%2Fcomments&post=4026"}],"version-history":[{"count":0,"href":"https:\/\/tarimhaber.com\/index.php?rest_route=\/wp\/v2\/posts\/4026\/revisions"}],"wp:attachment":[{"href":"https:\/\/tarimhaber.com\/index.php?rest_route=%2Fwp%2Fv2%2Fmedia&parent=4026"}],"wp:term":[{"taxonomy":"category","embeddable":true,"href":"https:\/\/tarimhaber.com\/index.php?rest_route=%2Fwp%2Fv2%2Fcategories&post=4026"},{"taxonomy":"post_tag","embeddable":true,"href":"https:\/\/tarimhaber.com\/index.php?rest_route=%2Fwp%2Fv2%2Ftags&post=4026"}],"curies":[{"name":"wp","href":"https:\/\/api.w.org\/{rel}","templated":true}]}}