{"id":4034,"date":"2012-08-16T14:21:52","date_gmt":"2012-08-16T14:21:52","guid":{"rendered":"http:\/\/tarimhaber.com\/?p=4034"},"modified":"2012-08-16T14:21:52","modified_gmt":"2012-08-16T14:21:52","slug":"ve-samanin-zamani-geldi-sagmal-inekler-kesime-gonderiliyor","status":"publish","type":"post","link":"https:\/\/tarimhaber.com\/?p=4034","title":{"rendered":"Ve saman\u0131n \u2019zaman\u0131\u2019 geldi!.. &#8211; Sa\u011fmal inekler kesime g\u00f6nderiliyor.."},"content":{"rendered":"<p>DO\u011eU ve Orta Anadolu ba\u015fta olmak \u00fczere \u00fclkenin b\u00fcy\u00fck b\u00f6l\u00fcm\u00fcnde etkili olan kurakl\u0131k, saman\u0131, \u2019Y\u00fckte hafif, pahada a\u011f\u0131r\u2019 bir \u00fcr\u00fcn haline getirdi. Fiyat\u0131 neredeyse 3 kat artan saman, \u2019Sakla saman\u0131, gelir zaman\u0131\u2019 atas\u00f6z\u00fcn\u00fc de hakl\u0131 \u00e7\u0131kard\u0131. Ge\u00e7en y\u0131l kilosu 15-20 kuru\u015ftan sat\u0131lan saman, \u015fu s\u0131ralar 50-55 kuru\u015ftan al\u0131c\u0131 buluyor. Hayvanc\u0131l\u0131kla u\u011fra\u015fanlar \u00fclke genelinde ya\u015fanan saman s\u0131k\u0131nt\u0131s\u0131 nedeniyle zor g\u00fcnler ge\u00e7iriyor. Yeti\u015ftiriciler sa\u011fmal ineklerini kesime g\u00f6ndermeye haz\u0131rlan\u0131rken, saman s\u0131k\u0131nt\u0131s\u0131n\u0131n gelecek y\u0131ldan itibaren et ve s\u00fct fiyatlar\u0131n\u0131 artt\u0131raca\u011f\u0131 \u00f6n g\u00f6r\u00fcl\u00fcyor. Saman fiyatlar\u0131nda spek\u00fclatif hareketler oldu\u011funu s\u00f6yleyen Fethiye S\u00fct \u00dcreticileri Birli\u011fi Ba\u015fkan\u0131 Turgut Tokmak ise hayvanlar\u0131n \u00f6ncelikli ihtiyac\u0131 olan samandaki fiyat art\u0131\u015f\u0131n\u0131n hayvan yeti\u015ftiricilerini olumsuz etkiledi\u011fini anlatt\u0131. S\u00fct \u00fcreticisinin saman bulamay\u0131nca sa\u011fmal ineklerini kesime g\u00f6nderdi\u011fini belirten Tokmak, acil \u00f6nlem al\u0131nmas\u0131n\u0131 istedi.<\/p>\n","protected":false},"excerpt":{"rendered":"<p>DO\u011eU ve Orta Anadolu ba\u015fta olmak \u00fczere \u00fclkenin b\u00fcy\u00fck b\u00f6l\u00fcm\u00fcnde etkili olan kurakl\u0131k, saman\u0131, \u2019Y\u00fckte hafif, pahada a\u011f\u0131r\u2019 bir \u00fcr\u00fcn haline getirdi. Fiyat\u0131 neredeyse 3 kat artan saman, \u2019Sakla saman\u0131,&hellip;<\/p>\n","protected":false},"author":1,"featured_media":4035,"comment_status":"open","ping_status":"open","sticky":false,"template":"","format":"standard","meta":{"footnotes":""},"categories":[2],"tags":[3,530],"class_list":["post-4034","post","type-post","status-publish","format-standard","has-post-thumbnail","hentry","category-tarimgentr","tag-11-yilin-issizlik-rekorunu-kirdi-8-2-132935h-html","tag-http-www-aksam-com-tr-insaat-ve-tarim-dopingi"],"_links":{"self":[{"href":"https:\/\/tarimhaber.com\/index.php?rest_route=\/wp\/v2\/posts\/4034","targetHints":{"allow":["GET"]}}],"collection":[{"href":"https:\/\/tarimhaber.com\/index.php?rest_route=\/wp\/v2\/posts"}],"about":[{"href":"https:\/\/tarimhaber.com\/index.php?rest_route=\/wp\/v2\/types\/post"}],"author":[{"embeddable":true,"href":"https:\/\/tarimhaber.com\/index.php?rest_route=\/wp\/v2\/users\/1"}],"replies":[{"embeddable":true,"href":"https:\/\/tarimhaber.com\/index.php?rest_route=%2Fwp%2Fv2%2Fcomments&post=4034"}],"version-history":[{"count":0,"href":"https:\/\/tarimhaber.com\/index.php?rest_route=\/wp\/v2\/posts\/4034\/revisions"}],"wp:featuredmedia":[{"embeddable":true,"href":"https:\/\/tarimhaber.com\/index.php?rest_route=\/wp\/v2\/media\/4035"}],"wp:attachment":[{"href":"https:\/\/tarimhaber.com\/index.php?rest_route=%2Fwp%2Fv2%2Fmedia&parent=4034"}],"wp:term":[{"taxonomy":"category","embeddable":true,"href":"https:\/\/tarimhaber.com\/index.php?rest_route=%2Fwp%2Fv2%2Fcategories&post=4034"},{"taxonomy":"post_tag","embeddable":true,"href":"https:\/\/tarimhaber.com\/index.php?rest_route=%2Fwp%2Fv2%2Ftags&post=4034"}],"curies":[{"name":"wp","href":"https:\/\/api.w.org\/{rel}","templated":true}]}}