{"id":4047,"date":"2012-09-03T05:16:06","date_gmt":"2012-09-03T05:16:06","guid":{"rendered":"http:\/\/tarimhaber.com\/?p=4047"},"modified":"2012-09-03T05:16:06","modified_gmt":"2012-09-03T05:16:06","slug":"bu-topragin-sesinden-sessiz-veda","status":"publish","type":"post","link":"https:\/\/tarimhaber.com\/?p=4047","title":{"rendered":"Bu Topra\u011f\u0131n Sesi\u2019nden sessiz veda"},"content":{"rendered":"<p>Tam 22 y\u0131ld\u0131r TRT ekranlar\u0131ndan aral\u0131ks\u0131z yay\u0131nlanan Bu Topra\u011f\u0131n Sesi Program\u0131 ekranlara sessiz sedas\u0131z veda etti. Y\u0131llard\u0131r tar\u0131m sekt\u00f6r\u00fc ile ilgili her konuyu g\u00fcndemine ta\u015f\u0131yarak ba\u015far\u0131l\u0131 \u00e7izgisini s\u00fcrd\u00fcren program birka\u00e7 y\u0131ld\u0131r farkl\u0131 kanallar ve yay\u0131n saatleri ile kar\u015f\u0131 kar\u015f\u0131ya kal\u0131yordu. Program\u0131n takip\u00e7ileri TRT\u2019nin Eyl\u00fcl ay\u0131 yay\u0131n ak\u0131\u015f\u0131nda Bu Topra\u011f\u0131n Sesi Program\u0131n\u0131 g\u00f6remeyince \u015fa\u015fk\u0131nl\u0131klar\u0131n\u0131 gizleyemediler.<\/p>\n","protected":false},"excerpt":{"rendered":"<p>Tam 22 y\u0131ld\u0131r TRT ekranlar\u0131ndan aral\u0131ks\u0131z yay\u0131nlanan Bu Topra\u011f\u0131n Sesi Program\u0131 ekranlara sessiz sedas\u0131z veda etti. Y\u0131llard\u0131r tar\u0131m sekt\u00f6r\u00fc ile ilgili her konuyu g\u00fcndemine ta\u015f\u0131yarak ba\u015far\u0131l\u0131 \u00e7izgisini s\u00fcrd\u00fcren program birka\u00e7&hellip;<\/p>\n","protected":false},"author":1,"featured_media":0,"comment_status":"open","ping_status":"open","sticky":false,"template":"","format":"standard","meta":{"footnotes":""},"categories":[2],"tags":[],"class_list":["post-4047","post","type-post","status-publish","format-standard","hentry","category-tarimgentr"],"_links":{"self":[{"href":"https:\/\/tarimhaber.com\/index.php?rest_route=\/wp\/v2\/posts\/4047","targetHints":{"allow":["GET"]}}],"collection":[{"href":"https:\/\/tarimhaber.com\/index.php?rest_route=\/wp\/v2\/posts"}],"about":[{"href":"https:\/\/tarimhaber.com\/index.php?rest_route=\/wp\/v2\/types\/post"}],"author":[{"embeddable":true,"href":"https:\/\/tarimhaber.com\/index.php?rest_route=\/wp\/v2\/users\/1"}],"replies":[{"embeddable":true,"href":"https:\/\/tarimhaber.com\/index.php?rest_route=%2Fwp%2Fv2%2Fcomments&post=4047"}],"version-history":[{"count":0,"href":"https:\/\/tarimhaber.com\/index.php?rest_route=\/wp\/v2\/posts\/4047\/revisions"}],"wp:attachment":[{"href":"https:\/\/tarimhaber.com\/index.php?rest_route=%2Fwp%2Fv2%2Fmedia&parent=4047"}],"wp:term":[{"taxonomy":"category","embeddable":true,"href":"https:\/\/tarimhaber.com\/index.php?rest_route=%2Fwp%2Fv2%2Fcategories&post=4047"},{"taxonomy":"post_tag","embeddable":true,"href":"https:\/\/tarimhaber.com\/index.php?rest_route=%2Fwp%2Fv2%2Ftags&post=4047"}],"curies":[{"name":"wp","href":"https:\/\/api.w.org\/{rel}","templated":true}]}}