{"id":4049,"date":"2012-09-03T15:27:25","date_gmt":"2012-09-03T15:27:25","guid":{"rendered":"http:\/\/tarimhaber.com\/?p=4049"},"modified":"2012-09-03T15:27:25","modified_gmt":"2012-09-03T15:27:25","slug":"kurban-fiyatlari-el-yakacak","status":"publish","type":"post","link":"https:\/\/tarimhaber.com\/?p=4049","title":{"rendered":"Kurban fiyatlar\u0131 el yakacak"},"content":{"rendered":"<p>Adana Kasaplar Odas\u0131 Ba\u015fkan\u0131 Murat Ya\u011fmur, T\u00fcrkiye\u2019de k\u00fc\u00e7\u00fckba\u015f hayvan azl\u0131\u011f\u0131ndan dolay\u0131 bu y\u0131l en d\u00fc\u015f\u00fck kurbanl\u0131k fiyat\u0131n\u0131n bile el yakaca\u011f\u0131n\u0131 s\u00f6yledi ve uyard\u0131. Ya\u011fmur, &#8220;Bu y\u0131lda k\u00fc\u00e7\u00fckba\u015f hayvan kesimine devam edilirse seneye k\u00fc\u00e7\u00fckba\u015f hayvan eti bulamayabiliriz&#8221; dedi. Murat Ya\u011fmur, yapt\u0131\u011f\u0131 a\u00e7\u0131klamada, yakla\u015fan Kurban Bayram\u0131 \u00f6ncesi vatanda\u015flar\u0131 ve yetkilileri k\u00fc\u00e7\u00fckba\u015f kurbanl\u0131klarda kriz ya\u015fanmamas\u0131 i\u00e7in uyard\u0131. Ya\u011fmur, T\u00fcrkiye\u2019de k\u00fc\u00e7\u00fckba\u015f hayvanc\u0131l\u0131\u011f\u0131n art\u0131k devlet te\u015fviki olmas\u0131na ra\u011fmen yap\u0131lmad\u0131\u011f\u0131n\u0131 belirterek, &#8220;T\u00fcrkiye daha \u00f6nce tar\u0131m ve hayvanc\u0131l\u0131\u011fa dayal\u0131 bir \u00fclkeydi. Ancak, y\u0131llar\u0131n ge\u00e7mesiyle birlikte \u00f6zellikle gen\u00e7ler daha \u00e7ok memurlu\u011fa ve \u00f6zel sekt\u00f6re kayd\u0131. Bu nedenle devlet te\u015fvik verse de hayvanc\u0131l\u0131k yapt\u0131racak vatanda\u015f bulamaz oldu. Ayr\u0131ca, hayvanc\u0131l\u0131\u011f\u0131n girdilerinin de bir hayli fazla olmas\u0131 bunda etken oldu. \u00d6zellikle bu y\u0131l saman fiyatlar\u0131n\u0131n 20 kuru\u015ftan 70 kuru\u015fa kadar \u00e7\u0131kmas\u0131 hayvanc\u0131l\u0131k yapanlar\u0131 bir hayli zorlad\u0131&#8221; dedi.<\/p>\n","protected":false},"excerpt":{"rendered":"<p>Adana Kasaplar Odas\u0131 Ba\u015fkan\u0131 Murat Ya\u011fmur, T\u00fcrkiye\u2019de k\u00fc\u00e7\u00fckba\u015f hayvan azl\u0131\u011f\u0131ndan dolay\u0131 bu y\u0131l en d\u00fc\u015f\u00fck kurbanl\u0131k fiyat\u0131n\u0131n bile el yakaca\u011f\u0131n\u0131 s\u00f6yledi ve uyard\u0131. Ya\u011fmur, &#8220;Bu y\u0131lda k\u00fc\u00e7\u00fckba\u015f hayvan kesimine devam&hellip;<\/p>\n","protected":false},"author":1,"featured_media":0,"comment_status":"open","ping_status":"open","sticky":false,"template":"","format":"standard","meta":{"footnotes":""},"categories":[2],"tags":[337],"class_list":["post-4049","post","type-post","status-publish","format-standard","hentry","category-tarimgentr","tag-http-haber-stargazete-com-guncel-kurban-fiyatlari-el-yakacak-haber-685788"],"_links":{"self":[{"href":"https:\/\/tarimhaber.com\/index.php?rest_route=\/wp\/v2\/posts\/4049","targetHints":{"allow":["GET"]}}],"collection":[{"href":"https:\/\/tarimhaber.com\/index.php?rest_route=\/wp\/v2\/posts"}],"about":[{"href":"https:\/\/tarimhaber.com\/index.php?rest_route=\/wp\/v2\/types\/post"}],"author":[{"embeddable":true,"href":"https:\/\/tarimhaber.com\/index.php?rest_route=\/wp\/v2\/users\/1"}],"replies":[{"embeddable":true,"href":"https:\/\/tarimhaber.com\/index.php?rest_route=%2Fwp%2Fv2%2Fcomments&post=4049"}],"version-history":[{"count":0,"href":"https:\/\/tarimhaber.com\/index.php?rest_route=\/wp\/v2\/posts\/4049\/revisions"}],"wp:attachment":[{"href":"https:\/\/tarimhaber.com\/index.php?rest_route=%2Fwp%2Fv2%2Fmedia&parent=4049"}],"wp:term":[{"taxonomy":"category","embeddable":true,"href":"https:\/\/tarimhaber.com\/index.php?rest_route=%2Fwp%2Fv2%2Fcategories&post=4049"},{"taxonomy":"post_tag","embeddable":true,"href":"https:\/\/tarimhaber.com\/index.php?rest_route=%2Fwp%2Fv2%2Ftags&post=4049"}],"curies":[{"name":"wp","href":"https:\/\/api.w.org\/{rel}","templated":true}]}}