{"id":4223,"date":"2013-03-25T17:29:55","date_gmt":"2013-03-25T17:29:55","guid":{"rendered":"http:\/\/tarimhaber.com\/?p=4223"},"modified":"2013-03-25T17:29:55","modified_gmt":"2013-03-25T17:29:55","slug":"kahramanmarasta-tarim-ve-insan-konulu-fotograf-sergisi","status":"publish","type":"post","link":"https:\/\/tarimhaber.com\/?p=4223","title":{"rendered":"Kahramanmara\u015f\u2019ta Tar\u0131m ve \u0130nsan konulu foto\u011fraf sergisi"},"content":{"rendered":"<p>G\u0131da, Tar\u0131m ve Hayvanc\u0131l\u0131k Bakanl\u0131\u011f\u0131\u2019n\u0131n 81 ilde sergiledi\u011fi &#8220;Tar\u0131m ve \u0130nsan&#8221; konulu foto\u011fraf sergisi Kahramanmara\u015f\u2019ta a\u00e7\u0131ld\u0131. \u2019Tar\u0131m ve \u0130nsan\u2019 konulu 4. Ulusal Foto\u011fraf Yar\u0131\u015fmas\u0131\u2019nda dereceye giren 65 foto\u011fraf, Necip Faz\u0131l K\u00fclt\u00fcr Merkezi\u2019nde a\u00e7\u0131lan &#8230;<\/p>\n","protected":false},"excerpt":{"rendered":"<p>G\u0131da, Tar\u0131m ve Hayvanc\u0131l\u0131k Bakanl\u0131\u011f\u0131\u2019n\u0131n 81 ilde sergiledi\u011fi &#8220;Tar\u0131m ve \u0130nsan&#8221; konulu foto\u011fraf sergisi Kahramanmara\u015f\u2019ta a\u00e7\u0131ld\u0131. \u2019Tar\u0131m ve \u0130nsan\u2019 konulu 4. Ulusal Foto\u011fraf Yar\u0131\u015fmas\u0131\u2019nda dereceye giren 65 foto\u011fraf, Necip Faz\u0131l&hellip;<\/p>\n","protected":false},"author":1,"featured_media":0,"comment_status":"open","ping_status":"open","sticky":false,"template":"","format":"standard","meta":{"footnotes":""},"categories":[2],"tags":[1085],"class_list":["post-4223","post","type-post","status-publish","format-standard","hentry","category-tarimgentr","tag-http-www-haber3-com-kahramanmarasta-tarim-ve-insan-konulu-fotograf-sergisi-haberi-1863687h-htm"],"_links":{"self":[{"href":"https:\/\/tarimhaber.com\/index.php?rest_route=\/wp\/v2\/posts\/4223","targetHints":{"allow":["GET"]}}],"collection":[{"href":"https:\/\/tarimhaber.com\/index.php?rest_route=\/wp\/v2\/posts"}],"about":[{"href":"https:\/\/tarimhaber.com\/index.php?rest_route=\/wp\/v2\/types\/post"}],"author":[{"embeddable":true,"href":"https:\/\/tarimhaber.com\/index.php?rest_route=\/wp\/v2\/users\/1"}],"replies":[{"embeddable":true,"href":"https:\/\/tarimhaber.com\/index.php?rest_route=%2Fwp%2Fv2%2Fcomments&post=4223"}],"version-history":[{"count":0,"href":"https:\/\/tarimhaber.com\/index.php?rest_route=\/wp\/v2\/posts\/4223\/revisions"}],"wp:attachment":[{"href":"https:\/\/tarimhaber.com\/index.php?rest_route=%2Fwp%2Fv2%2Fmedia&parent=4223"}],"wp:term":[{"taxonomy":"category","embeddable":true,"href":"https:\/\/tarimhaber.com\/index.php?rest_route=%2Fwp%2Fv2%2Fcategories&post=4223"},{"taxonomy":"post_tag","embeddable":true,"href":"https:\/\/tarimhaber.com\/index.php?rest_route=%2Fwp%2Fv2%2Ftags&post=4223"}],"curies":[{"name":"wp","href":"https:\/\/api.w.org\/{rel}","templated":true}]}}