{"id":4248,"date":"2013-04-18T10:13:44","date_gmt":"2013-04-18T10:13:44","guid":{"rendered":"http:\/\/tarimhaber.com\/?p=4248"},"modified":"2013-04-18T10:13:44","modified_gmt":"2013-04-18T10:13:44","slug":"gunesi-goren-sebze-ve-meyvede-fiyatlar-dustu","status":"publish","type":"post","link":"https:\/\/tarimhaber.com\/?p=4248","title":{"rendered":"G\u00fcne\u015fi g\u00f6ren sebze ve meyvede fiyatlar d\u00fc\u015ft\u00fc"},"content":{"rendered":"<p>Antalya B\u00fcy\u00fck\u015fehir Belediyesi Toptanc\u0131 Haline ve pazarlara giren \u00fcr\u00fcn miktar\u0131 havalar\u0131n \u0131s\u0131nmas\u0131 ve \u00fcretimin artmas\u0131 sebebi ile bir \u00f6nceki aya g\u00f6re artt\u0131. \u00dcr\u00fcnler art\u0131nca fiyatlarda da \u00f6nemli \u00f6l\u00e7\u00fcde d\u00fc\u015f\u00fc\u015f ya\u015fan\u0131yor.<\/p>\n<p>K\u0131\u015f aylar\u0131 boyunca y\u00fckseli\u015fe ge\u00e7en sebze &#8211; meyve fiyatlar\u0131 havalar\u0131n \u0131s\u0131nmaya ba\u015flamas\u0131yla d\u00fc\u015fmeye ba\u015flad\u0131.<\/p>\n<p>Sebze ve meyvenin kalbi olan Antalya halinde \u015fu g\u00fcnlerde bereketli g\u00fcnler ya\u015fan\u0131yor. Antalya\u2019da mart ay\u0131na oranla \u00fcr\u00fcn miktar\u0131 art\u0131nca bu durum fiyatlara da yans\u0131d\u0131.<\/p>\n<p>Antalya B\u00fcy\u00fck\u015fehir Belediyesi Toptanc\u0131 Hal M\u00fcd\u00fcr\u00fc R\u0131za Uysal, nisan ay\u0131n\u0131n gelmesiyle birlikte \u00fcr\u00fcnlerde miktar art\u0131\u015f\u0131 ba\u015flad\u0131\u011f\u0131n\u0131 belirtirken \u00f6zellikle domates ve biber fiyatlar\u0131nda \u00f6nemli de\u011fi\u015fikliklerin oldu\u011funu s\u00f6yledi.<\/p>\n","protected":false},"excerpt":{"rendered":"<p>Antalya B\u00fcy\u00fck\u015fehir Belediyesi Toptanc\u0131 Haline ve pazarlara giren \u00fcr\u00fcn miktar\u0131 havalar\u0131n \u0131s\u0131nmas\u0131 ve \u00fcretimin artmas\u0131 sebebi ile bir \u00f6nceki aya g\u00f6re artt\u0131. \u00dcr\u00fcnler art\u0131nca fiyatlarda da \u00f6nemli \u00f6l\u00e7\u00fcde d\u00fc\u015f\u00fc\u015f ya\u015fan\u0131yor.&hellip;<\/p>\n","protected":false},"author":1,"featured_media":0,"comment_status":"open","ping_status":"open","sticky":false,"template":"","format":"standard","meta":{"footnotes":""},"categories":[2],"tags":[3249],"class_list":["post-4248","post","type-post","status-publish","format-standard","hentry","category-tarimgentr","tag-http-www-tarimtv-gov-tr-hd2702_gunesi-goren-sebze-meyvede-fiyatlar-dustu-html"],"_links":{"self":[{"href":"https:\/\/tarimhaber.com\/index.php?rest_route=\/wp\/v2\/posts\/4248","targetHints":{"allow":["GET"]}}],"collection":[{"href":"https:\/\/tarimhaber.com\/index.php?rest_route=\/wp\/v2\/posts"}],"about":[{"href":"https:\/\/tarimhaber.com\/index.php?rest_route=\/wp\/v2\/types\/post"}],"author":[{"embeddable":true,"href":"https:\/\/tarimhaber.com\/index.php?rest_route=\/wp\/v2\/users\/1"}],"replies":[{"embeddable":true,"href":"https:\/\/tarimhaber.com\/index.php?rest_route=%2Fwp%2Fv2%2Fcomments&post=4248"}],"version-history":[{"count":0,"href":"https:\/\/tarimhaber.com\/index.php?rest_route=\/wp\/v2\/posts\/4248\/revisions"}],"wp:attachment":[{"href":"https:\/\/tarimhaber.com\/index.php?rest_route=%2Fwp%2Fv2%2Fmedia&parent=4248"}],"wp:term":[{"taxonomy":"category","embeddable":true,"href":"https:\/\/tarimhaber.com\/index.php?rest_route=%2Fwp%2Fv2%2Fcategories&post=4248"},{"taxonomy":"post_tag","embeddable":true,"href":"https:\/\/tarimhaber.com\/index.php?rest_route=%2Fwp%2Fv2%2Ftags&post=4248"}],"curies":[{"name":"wp","href":"https:\/\/api.w.org\/{rel}","templated":true}]}}