{"id":4288,"date":"2013-06-24T13:39:25","date_gmt":"2013-06-24T13:39:25","guid":{"rendered":"http:\/\/tarimhaber.com\/?p=4288"},"modified":"2013-06-24T13:39:25","modified_gmt":"2013-06-24T13:39:25","slug":"miras-toprakta-sirketlesme-adimi","status":"publish","type":"post","link":"https:\/\/tarimhaber.com\/?p=4288","title":{"rendered":"\u2019Miras toprakta\u2019 \u015firketle\u015fme ad\u0131m\u0131"},"content":{"rendered":"<p>Tar\u0131m arazilerinin devrinde \u2019tek miras\u00e7\u0131\u2019 sistemini y\u00fcr\u00fcrl\u00fc\u011fe koyacak yasal d\u00fczenleme, TBMM\u2019ye sevk edildi. Tar\u0131m Bakan\u0131 Mehdi Eker, d\u00fczenlemenin tar\u0131m\u0131n gelece\u011fi i\u00e7in zorunlu oldu\u011funu belirtirken, uzmanlar tar\u0131mda \u015firketle\u015fmenin \u00f6n\u00fcn\u00fcn a\u00e7\u0131larak &#8230;<\/p>\n","protected":false},"excerpt":{"rendered":"<p>Tar\u0131m arazilerinin devrinde \u2019tek miras\u00e7\u0131\u2019 sistemini y\u00fcr\u00fcrl\u00fc\u011fe koyacak yasal d\u00fczenleme, TBMM\u2019ye sevk edildi. Tar\u0131m Bakan\u0131 Mehdi Eker, d\u00fczenlemenin tar\u0131m\u0131n gelece\u011fi i\u00e7in zorunlu oldu\u011funu belirtirken, uzmanlar tar\u0131mda \u015firketle\u015fmenin \u00f6n\u00fcn\u00fcn a\u00e7\u0131larak &#8230;<\/p>\n","protected":false},"author":1,"featured_media":0,"comment_status":"open","ping_status":"open","sticky":false,"template":"","format":"standard","meta":{"footnotes":""},"categories":[2],"tags":[145],"class_list":["post-4288","post","type-post","status-publish","format-standard","hentry","category-tarimgentr","tag-http-blog-milliyet-com-tr-__miras_toprakta___sirketlesme_adimi-blog-blogno420025refmilliyet_anasayfa"],"_links":{"self":[{"href":"https:\/\/tarimhaber.com\/index.php?rest_route=\/wp\/v2\/posts\/4288","targetHints":{"allow":["GET"]}}],"collection":[{"href":"https:\/\/tarimhaber.com\/index.php?rest_route=\/wp\/v2\/posts"}],"about":[{"href":"https:\/\/tarimhaber.com\/index.php?rest_route=\/wp\/v2\/types\/post"}],"author":[{"embeddable":true,"href":"https:\/\/tarimhaber.com\/index.php?rest_route=\/wp\/v2\/users\/1"}],"replies":[{"embeddable":true,"href":"https:\/\/tarimhaber.com\/index.php?rest_route=%2Fwp%2Fv2%2Fcomments&post=4288"}],"version-history":[{"count":0,"href":"https:\/\/tarimhaber.com\/index.php?rest_route=\/wp\/v2\/posts\/4288\/revisions"}],"wp:attachment":[{"href":"https:\/\/tarimhaber.com\/index.php?rest_route=%2Fwp%2Fv2%2Fmedia&parent=4288"}],"wp:term":[{"taxonomy":"category","embeddable":true,"href":"https:\/\/tarimhaber.com\/index.php?rest_route=%2Fwp%2Fv2%2Fcategories&post=4288"},{"taxonomy":"post_tag","embeddable":true,"href":"https:\/\/tarimhaber.com\/index.php?rest_route=%2Fwp%2Fv2%2Ftags&post=4288"}],"curies":[{"name":"wp","href":"https:\/\/api.w.org\/{rel}","templated":true}]}}