{"id":4355,"date":"2013-09-18T23:31:13","date_gmt":"2013-09-18T23:31:13","guid":{"rendered":"http:\/\/tarimhaber.com\/?p=4355"},"modified":"2013-09-18T23:31:13","modified_gmt":"2013-09-18T23:31:13","slug":"teb-vana-cikarma-yapti","status":"publish","type":"post","link":"https:\/\/tarimhaber.com\/?p=4355","title":{"rendered":"TEB Van\u2019a \u00e7\u0131karma yapt\u0131"},"content":{"rendered":"<p>T\u00fcrk Ekonomi Bankas\u0131\u2019n\u0131n (TEB) 8 y\u0131ldan bu yana KOB\u0130\u2019lerin geli\u015fimine katk\u0131 sa\u011flamak amac\u0131yla ger\u00e7ekle\u015ftirdi\u011fi TEB KOB\u0130 Akademi\u2019nin son dura\u011f\u0131 Van oldu. TEB Genel M\u00fcd\u00fcr\u00fc \u00dcmit Leblebici ve TEB KOB\u0130 Bankac\u0131l\u0131\u011f\u0131 Genel M\u00fcd\u00fcr Yard\u0131mc\u0131s\u0131 Turgut Boz\u2019un ev sahipli\u011finde d\u00fczenlenen organizasyon, Vanl\u0131 KOB\u0130\u2019leri bir araya getirdi. Leblebici, \u015funlar\u0131 s\u00f6yledi: &#8220;Kalk\u0131nmada \u00f6ncelikli iller s\u0131ralamas\u0131nda alt\u0131nc\u0131 s\u0131rada yer alan ve kentsel d\u00f6n\u00fc\u015f\u00fcm program\u0131na al\u0131nan 33 ilden biri olan Van\u2019\u0131n b\u00fcy\u00fcme ve geli\u015fme konusunda ciddi bir at\u0131l\u0131m g\u00f6sterdi\u011fine tan\u0131k oluyoruz. Enerjiden turizme ve sanayiye kadar bir\u00e7ok alanda yeni projelerin hayata ge\u00e7irilmesi i\u00e7in at\u0131lan ad\u0131mlar Van\u2019\u0131n gelece\u011fine olan g\u00fcvenimizi hakl\u0131 \u00e7\u0131kar\u0131r niteliktedir. \u015eehir b\u00f6yle bir at\u0131l\u0131m i\u00e7indeyken biz de TEB olarak bu \u00e7abalara destek vermek i\u00e7in buraday\u0131z.&#8221; Turgut Boz ise KOB\u0130\u2019lere y\u00f6nelik \u00e7al\u0131\u015fmalar\u0131 her zaman \u00f6n planda tuttuklar\u0131n\u0131 belirtti.<\/p>\n","protected":false},"excerpt":{"rendered":"<p>T\u00fcrk Ekonomi Bankas\u0131\u2019n\u0131n (TEB) 8 y\u0131ldan bu yana KOB\u0130\u2019lerin geli\u015fimine katk\u0131 sa\u011flamak amac\u0131yla ger\u00e7ekle\u015ftirdi\u011fi TEB KOB\u0130 Akademi\u2019nin son dura\u011f\u0131 Van oldu. TEB Genel M\u00fcd\u00fcr\u00fc \u00dcmit Leblebici ve TEB KOB\u0130 Bankac\u0131l\u0131\u011f\u0131&hellip;<\/p>\n","protected":false},"author":1,"featured_media":4356,"comment_status":"open","ping_status":"open","sticky":false,"template":"","format":"standard","meta":{"footnotes":""},"categories":[2],"tags":[3039],"class_list":["post-4355","post","type-post","status-publish","format-standard","has-post-thumbnail","hentry","category-tarimgentr","tag-http-www-sabah-com-tr-ekonomi-2013-09-18-teb-vana-cikarma-yapti"],"_links":{"self":[{"href":"https:\/\/tarimhaber.com\/index.php?rest_route=\/wp\/v2\/posts\/4355","targetHints":{"allow":["GET"]}}],"collection":[{"href":"https:\/\/tarimhaber.com\/index.php?rest_route=\/wp\/v2\/posts"}],"about":[{"href":"https:\/\/tarimhaber.com\/index.php?rest_route=\/wp\/v2\/types\/post"}],"author":[{"embeddable":true,"href":"https:\/\/tarimhaber.com\/index.php?rest_route=\/wp\/v2\/users\/1"}],"replies":[{"embeddable":true,"href":"https:\/\/tarimhaber.com\/index.php?rest_route=%2Fwp%2Fv2%2Fcomments&post=4355"}],"version-history":[{"count":0,"href":"https:\/\/tarimhaber.com\/index.php?rest_route=\/wp\/v2\/posts\/4355\/revisions"}],"wp:featuredmedia":[{"embeddable":true,"href":"https:\/\/tarimhaber.com\/index.php?rest_route=\/wp\/v2\/media\/4356"}],"wp:attachment":[{"href":"https:\/\/tarimhaber.com\/index.php?rest_route=%2Fwp%2Fv2%2Fmedia&parent=4355"}],"wp:term":[{"taxonomy":"category","embeddable":true,"href":"https:\/\/tarimhaber.com\/index.php?rest_route=%2Fwp%2Fv2%2Fcategories&post=4355"},{"taxonomy":"post_tag","embeddable":true,"href":"https:\/\/tarimhaber.com\/index.php?rest_route=%2Fwp%2Fv2%2Ftags&post=4355"}],"curies":[{"name":"wp","href":"https:\/\/api.w.org\/{rel}","templated":true}]}}