{"id":4372,"date":"2013-10-02T06:46:28","date_gmt":"2013-10-02T06:46:28","guid":{"rendered":"http:\/\/tarimhaber.com\/?p=4372"},"modified":"2013-10-02T06:46:28","modified_gmt":"2013-10-02T06:46:28","slug":"turkiye-tarimsal-alanda-yuzunu-guney-amerikaya-cevirdi","status":"publish","type":"post","link":"https:\/\/tarimhaber.com\/?p=4372","title":{"rendered":"T\u00fcrkiye tar\u0131msal alanda y\u00fcz\u00fcn\u00fc G\u00fcney Amerika\u2019ya \u00e7evirdi"},"content":{"rendered":"<p>T\u00fcrkiye d\u00fcnyan\u0131n \u00f6nemli tar\u0131m merkezlerinden biri olan Brezilya ile tar\u0131msal alanda i\u015fbirli\u011fi yapacak. Bu kapsamda G\u0131da Tar\u0131m ve Hayvanc\u0131l\u0131k Bakan\u0131 Mehdi Eker Brezilya Tar\u0131m Bakan\u0131 Antonio Andrade ile iyi niyet protokol\u00fc imzalad\u0131.<\/p>\n","protected":false},"excerpt":{"rendered":"<p>T\u00fcrkiye d\u00fcnyan\u0131n \u00f6nemli tar\u0131m merkezlerinden biri olan Brezilya ile tar\u0131msal alanda i\u015fbirli\u011fi yapacak. Bu kapsamda G\u0131da Tar\u0131m ve Hayvanc\u0131l\u0131k Bakan\u0131 Mehdi Eker Brezilya Tar\u0131m Bakan\u0131 Antonio Andrade ile iyi niyet&hellip;<\/p>\n","protected":false},"author":1,"featured_media":0,"comment_status":"open","ping_status":"open","sticky":false,"template":"","format":"standard","meta":{"footnotes":""},"categories":[2],"tags":[3230],"class_list":["post-4372","post","type-post","status-publish","format-standard","hentry","category-tarimgentr","tag-http-www-tarim-gov-tr-sayfalar-haberdetay-aspxrid274listnamehaberlerrefid"],"_links":{"self":[{"href":"https:\/\/tarimhaber.com\/index.php?rest_route=\/wp\/v2\/posts\/4372","targetHints":{"allow":["GET"]}}],"collection":[{"href":"https:\/\/tarimhaber.com\/index.php?rest_route=\/wp\/v2\/posts"}],"about":[{"href":"https:\/\/tarimhaber.com\/index.php?rest_route=\/wp\/v2\/types\/post"}],"author":[{"embeddable":true,"href":"https:\/\/tarimhaber.com\/index.php?rest_route=\/wp\/v2\/users\/1"}],"replies":[{"embeddable":true,"href":"https:\/\/tarimhaber.com\/index.php?rest_route=%2Fwp%2Fv2%2Fcomments&post=4372"}],"version-history":[{"count":0,"href":"https:\/\/tarimhaber.com\/index.php?rest_route=\/wp\/v2\/posts\/4372\/revisions"}],"wp:attachment":[{"href":"https:\/\/tarimhaber.com\/index.php?rest_route=%2Fwp%2Fv2%2Fmedia&parent=4372"}],"wp:term":[{"taxonomy":"category","embeddable":true,"href":"https:\/\/tarimhaber.com\/index.php?rest_route=%2Fwp%2Fv2%2Fcategories&post=4372"},{"taxonomy":"post_tag","embeddable":true,"href":"https:\/\/tarimhaber.com\/index.php?rest_route=%2Fwp%2Fv2%2Ftags&post=4372"}],"curies":[{"name":"wp","href":"https:\/\/api.w.org\/{rel}","templated":true}]}}